{"id":1286,"date":"2016-06-29T13:48:27","date_gmt":"2016-06-29T11:48:27","guid":{"rendered":"http:\/\/www.kalmarkonstmuseum.se\/designarkivet\/?p=1286"},"modified":"2024-01-26T13:40:54","modified_gmt":"2024-01-26T12:40:54","slug":"1286","status":"publish","type":"post","link":"https:\/\/www.kalmarkonstmuseum.se\/designarkivet\/1286\/","title":{"rendered":"Designarkivet medverkar i Malm\u00f6 konstmuseums sommarutst\u00e4llning Oomph \u2013 kvinnorna som satte f\u00e4rg p\u00e5 Sverige. 4 juni \u2013 4 september 2016"},"content":{"rendered":"<p>\u201dDen 4 juni \u00f6ppnar Malm\u00f6 Konstmuseum en utst\u00e4llning om kvinnorna som gjorde revolution i k\u00f6ken, i linnesk\u00e5pen, i vardagsrummen och i tekoindustrin. Med glas, textil, m\u00f6bler, mode och radikala id\u00e9er om framtidens boende satte de Sverige p\u00e5 den internationella designkartan under mitten av 1950-talet\u201d Malm\u00f6 Konstmuseum<\/p>\n<div id=\"attachment_1288\" style=\"width: 389px\" class=\"wp-caption aligncenter\"><a href=\"http:\/\/www.kalmarkonstmuseum.se\/designarkivet\/wp-content\/uploads\/sites\/4\/2016\/06\/IMG_2444-e1467199934790.jpg\"><img loading=\"lazy\" decoding=\"async\" aria-describedby=\"caption-attachment-1288\" class=\" wp-image-1288\" src=\"http:\/\/www.kalmarkonstmuseum.se\/designarkivet\/wp-content\/uploads\/sites\/4\/2016\/06\/IMG_2444-e1467199934790-225x300.jpg\" alt=\"Tygerna Windy Way, Thermidor av Astrid Sampe, och Planeta av G\u00f6ta Tr\u00e4g\u00e5rdh\" width=\"379\" height=\"505\" data-id=\"1288\" srcset=\"https:\/\/www.kalmarkonstmuseum.se\/designarkivet\/wp-content\/uploads\/sites\/4\/2016\/06\/IMG_2444-e1467199934790-225x300.jpg 225w, https:\/\/www.kalmarkonstmuseum.se\/designarkivet\/wp-content\/uploads\/sites\/4\/2016\/06\/IMG_2444-e1467199934790-768x1024.jpg 768w, https:\/\/www.kalmarkonstmuseum.se\/designarkivet\/wp-content\/uploads\/sites\/4\/2016\/06\/IMG_2444-e1467199934790.jpg 1224w\" sizes=\"auto, (max-width: 379px) 100vw, 379px\" \/><\/a><p id=\"caption-attachment-1288\" class=\"wp-caption-text\">Tygerna Windy Way, Thermidor av Astrid Sampe, och Planeta av G\u00f6ta Tr\u00e4g\u00e5rdh<\/p><\/div>\n<p>34 nyt\u00e4nkande kvinnor, verksamma under perioden 1944-1964, presenteras i utst\u00e4llningen. H\u00e4lften av dem finns representerade i Designarkivet. Inf\u00f6r utst\u00e4llningen s\u00f6kte Malm\u00f6 konstmuseum bl.a. i Designarkivets v\u00e4lf\u00f6rsedda arkiv och hittade fina godbitar. M\u00e5nga meter tyg (38 m), tre skisser, tv\u00e5 handdukar och n\u00e5gra textilprover &#8211; inalles 16 f\u00f6rem\u00e5l valdes och l\u00e5nades ut. Utst\u00e4llningen har f\u00e5tt sitt namn av Viola Gr\u00e5stens tyg Oomph, ett klassiskt 50-talstyg. I v\u00e5r samling har vi originalskissen och tyg som b\u00e5da visas i utst\u00e4llningen.<\/p>\n<div id=\"attachment_1290\" style=\"width: 406px\" class=\"wp-caption aligncenter\"><a href=\"http:\/\/www.kalmarkonstmuseum.se\/designarkivet\/wp-content\/uploads\/sites\/4\/2016\/06\/IMG_7430.jpg\"><img loading=\"lazy\" decoding=\"async\" aria-describedby=\"caption-attachment-1290\" class=\" wp-image-1290\" src=\"http:\/\/www.kalmarkonstmuseum.se\/designarkivet\/wp-content\/uploads\/sites\/4\/2016\/06\/IMG_7430-300x200.jpg\" alt=\"Oomph av Viola Gr\u00e5sten\" width=\"396\" height=\"264\" data-id=\"1290\" srcset=\"https:\/\/www.kalmarkonstmuseum.se\/designarkivet\/wp-content\/uploads\/sites\/4\/2016\/06\/IMG_7430-300x200.jpg 300w, https:\/\/www.kalmarkonstmuseum.se\/designarkivet\/wp-content\/uploads\/sites\/4\/2016\/06\/IMG_7430-768x512.jpg 768w, https:\/\/www.kalmarkonstmuseum.se\/designarkivet\/wp-content\/uploads\/sites\/4\/2016\/06\/IMG_7430-1024x683.jpg 1024w\" sizes=\"auto, (max-width: 396px) 100vw, 396px\" \/><\/a><p id=\"caption-attachment-1290\" class=\"wp-caption-text\">Oomph av Viola Gr\u00e5sten<\/p><\/div>\n<p>Designarkivet var med p\u00e5 \u00f6ppningen av den inneh\u00e5llsrika och vackra utst\u00e4llningen. Vi kunde k\u00e4nna oss stolta \u00f6ver det goda sammanhanget och placeringarna av arkivets f\u00f6rem\u00e5l. Det var ocks\u00e5 v\u00e4ldigt roligt att se v\u00e5ra fantastiska textiler exponerade p\u00e5 detta s\u00e4tt. I vanliga fall h\u00e4nger de hoprullade i det svala m\u00f6rka arkivet<br \/>\nGlas fr\u00e5n v\u00e5ra trakter finns ocks\u00e5 s\u00e5klart med: Orrefors med Ingeborg Lundins ber\u00f6mda \u00c4pplet och fr\u00e5n Kosta flera f\u00f6rem\u00e5l av Mona Morales Schilt<br \/>\nMaud Fredin Fredholms f\u00e4rgsprakande gr\u00f6na regndress stod d\u00e4r p\u00e5 podiet. Arkivet har nyligen f\u00e5tt en stor donation med hennes material och det ska bli sp\u00e4nnande att s\u00e5 sm\u00e5ningom visa upp hennes oeuvre.<br \/>\nBes\u00f6k g\u00e4rna utst\u00e4llningen Oomph \u2013 kvinnorna som satte f\u00e4rg p\u00e5 Sverige p\u00e5 Malm\u00f6 konstmuseum.<br \/>\nMer ifo om den hittar du <a href=\"http:\/\/malmo.se\/Kultur--fritid\/Kultur--noje\/Konst--design\/Malmo-Konstmuseum\/Utstallningar.html\">h\u00e4r<\/a><\/p>\n<div id=\"attachment_1287\" style=\"width: 427px\" class=\"wp-caption aligncenter\"><a href=\"http:\/\/www.kalmarkonstmuseum.se\/designarkivet\/wp-content\/uploads\/sites\/4\/2016\/06\/IMG_2443.jpg\"><img loading=\"lazy\" decoding=\"async\" aria-describedby=\"caption-attachment-1287\" class=\" wp-image-1287\" src=\"http:\/\/www.kalmarkonstmuseum.se\/designarkivet\/wp-content\/uploads\/sites\/4\/2016\/06\/IMG_2443-300x225.jpg\" alt=\"Tygerna Lazy Lines av Astrid Sampe och Japan av G\u00f6ta Tr\u00e4g\u00e5rdh\" width=\"417\" height=\"313\" data-id=\"1287\" srcset=\"https:\/\/www.kalmarkonstmuseum.se\/designarkivet\/wp-content\/uploads\/sites\/4\/2016\/06\/IMG_2443-300x225.jpg 300w, https:\/\/www.kalmarkonstmuseum.se\/designarkivet\/wp-content\/uploads\/sites\/4\/2016\/06\/IMG_2443-768x576.jpg 768w, https:\/\/www.kalmarkonstmuseum.se\/designarkivet\/wp-content\/uploads\/sites\/4\/2016\/06\/IMG_2443-1024x768.jpg 1024w, https:\/\/www.kalmarkonstmuseum.se\/designarkivet\/wp-content\/uploads\/sites\/4\/2016\/06\/IMG_2443.jpg 1632w\" sizes=\"auto, (max-width: 417px) 100vw, 417px\" \/><\/a><p id=\"caption-attachment-1287\" class=\"wp-caption-text\">Tygerna Lazy Lines av Astrid Sampe och Japan av G\u00f6ta Tr\u00e4g\u00e5rdh<\/p><\/div>\n","protected":false},"excerpt":{"rendered":"<p>\u201dDen 4 juni \u00f6ppnar Malm\u00f6 Konstmuseum en utst\u00e4llning om kvinnorna som gjorde revolution i k\u00f6ken, i linnesk\u00e5pen, i vardagsrummen och i tekoindustrin. Med glas, textil, m\u00f6bler, mode och radikala id\u00e9er om framtidens boende satte de Sverige p\u00e5 den internationella designkartan [&hellip;]<\/p>\n","protected":false},"author":14,"featured_media":1289,"comment_status":"closed","ping_status":"closed","sticky":false,"template":"","format":"standard","meta":{"_exactmetrics_skip_tracking":false,"_exactmetrics_sitenote_active":false,"_exactmetrics_sitenote_note":"","_exactmetrics_sitenote_category":0,"footnotes":""},"categories":[15],"tags":[],"class_list":["post-1286","post","type-post","status-publish","format-standard","has-post-thumbnail","hentry","category-nyheter"],"_links":{"self":[{"href":"https:\/\/www.kalmarkonstmuseum.se\/designarkivet\/wp-json\/wp\/v2\/posts\/1286","targetHints":{"allow":["GET"]}}],"collection":[{"href":"https:\/\/www.kalmarkonstmuseum.se\/designarkivet\/wp-json\/wp\/v2\/posts"}],"about":[{"href":"https:\/\/www.kalmarkonstmuseum.se\/designarkivet\/wp-json\/wp\/v2\/types\/post"}],"author":[{"embeddable":true,"href":"https:\/\/www.kalmarkonstmuseum.se\/designarkivet\/wp-json\/wp\/v2\/users\/14"}],"replies":[{"embeddable":true,"href":"https:\/\/www.kalmarkonstmuseum.se\/designarkivet\/wp-json\/wp\/v2\/comments?post=1286"}],"version-history":[{"count":1,"href":"https:\/\/www.kalmarkonstmuseum.se\/designarkivet\/wp-json\/wp\/v2\/posts\/1286\/revisions"}],"predecessor-version":[{"id":2038,"href":"https:\/\/www.kalmarkonstmuseum.se\/designarkivet\/wp-json\/wp\/v2\/posts\/1286\/revisions\/2038"}],"wp:featuredmedia":[{"embeddable":true,"href":"https:\/\/www.kalmarkonstmuseum.se\/designarkivet\/wp-json\/wp\/v2\/media\/1289"}],"wp:attachment":[{"href":"https:\/\/www.kalmarkonstmuseum.se\/designarkivet\/wp-json\/wp\/v2\/media?parent=1286"}],"wp:term":[{"taxonomy":"category","embeddable":true,"href":"https:\/\/www.kalmarkonstmuseum.se\/designarkivet\/wp-json\/wp\/v2\/categories?post=1286"},{"taxonomy":"post_tag","embeddable":true,"href":"https:\/\/www.kalmarkonstmuseum.se\/designarkivet\/wp-json\/wp\/v2\/tags?post=1286"}],"curies":[{"name":"wp","href":"https:\/\/api.w.org\/{rel}","templated":true}]}}