{"id":1398,"date":"2017-04-21T14:41:24","date_gmt":"2017-04-21T12:41:24","guid":{"rendered":"http:\/\/www.kalmarkonstmuseum.se\/designarkivet\/?p=1398"},"modified":"2024-01-26T13:37:03","modified_gmt":"2024-01-26T12:37:03","slug":"glaskonstnaren-monica-backstroms-lekfulla-skisser-blir-utstallning-p4-kalmar","status":"publish","type":"post","link":"https:\/\/www.kalmarkonstmuseum.se\/designarkivet\/glaskonstnaren-monica-backstroms-lekfulla-skisser-blir-utstallning-p4-kalmar\/","title":{"rendered":"Glaskonstn\u00e4ren Monica Backstr\u00f6ms lekfulla skisser blir utst\u00e4llning &#8211; p4 Kalmar"},"content":{"rendered":"<div class=\"article-details__preamble\">\n<div class=\"publication-preamble text-editor-content\">\n<p>Monica Backstr\u00f6m visar nu en del av sina skisser p\u00e5 Designarkivet i Pukeberg. Det som visas \u00e4r de lekfulla f\u00f6rlagorna till hennes unika glaskonst.<\/p>\n<\/div>\n<\/div>\n<div class=\"article-details__bodytext\">\n<div class=\"publication-text text-editor-content\">\n<p>-\u2013 Det \u00e4r h\u00e4r jag har lekt med f\u00e4rger och former. Det h\u00e4r \u00e4r\u00a0det hela b\u00f6rjar, s\u00e4ger <strong>Monica Backstr\u00f6m<\/strong>.<\/p>\n<p>Utst\u00e4llningen omfattar skisser fr\u00e5n 60-talet och fram till nu. Det \u00e4r inte j\u00e4ttem\u00e5nga, men man f\u00e5r f\u00f6lja med p\u00e5 en tidsresa d\u00e4r man tydligt ser konstn\u00e4rens olika epoker.<\/p>\n<p>\u2013 Skisserna \u00e4r min vision, sen tar jag den och g\u00e5r ut till killarna i hyttan och s\u00e5 forts\u00e4tter arbetet. Och n\u00e4r man g\u00f6r unika grejer s\u00e5 h\u00e4nder det hela tiden saker l\u00e4ngs v\u00e4gen.<\/p>\n<p>Det var inte meningen att skisserna i sig skulle bli f\u00f6rem\u00e5l f\u00f6r en utst\u00e4llning. Nu blev det s\u00e5 tack vare att Designarkivet i Pukeberg har m\u00e5nga av Monica Backstr\u00f6ms skisser i sitt f\u00f6rvar och att konstn\u00e4ren\u00a0sj\u00e4lv kom med id\u00e9n inf\u00f6r Glasrikeshelgen i maj n\u00e4r hela Glasriket visar upp sig inf\u00f6r sommars\u00e4songen.<\/p>\n<p>Utst\u00e4llningen p\u00e5g\u00e5r mellan den 21 april och den 5 maj.<\/p>\n<p><a href=\"http:\/\/sverigesradio.se\/sida\/artikel.aspx?programid=86&amp;artikel=6677926\">Lyssna p\u00e5 reportaget h\u00e4r!<\/a><\/p>\n<\/div>\n<\/div>\n","protected":false},"excerpt":{"rendered":"<p>Monica Backstr\u00f6m visar nu en del av sina skisser p\u00e5 Designarkivet i Pukeberg. Det som visas \u00e4r de lekfulla f\u00f6rlagorna till hennes unika glaskonst. -\u2013 Det \u00e4r h\u00e4r jag har lekt med f\u00e4rger och former. Det h\u00e4r \u00e4r\u00a0det hela b\u00f6rjar, [&hellip;]<\/p>\n","protected":false},"author":14,"featured_media":1402,"comment_status":"closed","ping_status":"closed","sticky":false,"template":"","format":"standard","meta":{"_exactmetrics_skip_tracking":false,"_exactmetrics_sitenote_active":false,"_exactmetrics_sitenote_note":"","_exactmetrics_sitenote_category":0,"footnotes":""},"categories":[15],"tags":[],"class_list":["post-1398","post","type-post","status-publish","format-standard","has-post-thumbnail","hentry","category-nyheter"],"_links":{"self":[{"href":"https:\/\/www.kalmarkonstmuseum.se\/designarkivet\/wp-json\/wp\/v2\/posts\/1398","targetHints":{"allow":["GET"]}}],"collection":[{"href":"https:\/\/www.kalmarkonstmuseum.se\/designarkivet\/wp-json\/wp\/v2\/posts"}],"about":[{"href":"https:\/\/www.kalmarkonstmuseum.se\/designarkivet\/wp-json\/wp\/v2\/types\/post"}],"author":[{"embeddable":true,"href":"https:\/\/www.kalmarkonstmuseum.se\/designarkivet\/wp-json\/wp\/v2\/users\/14"}],"replies":[{"embeddable":true,"href":"https:\/\/www.kalmarkonstmuseum.se\/designarkivet\/wp-json\/wp\/v2\/comments?post=1398"}],"version-history":[{"count":1,"href":"https:\/\/www.kalmarkonstmuseum.se\/designarkivet\/wp-json\/wp\/v2\/posts\/1398\/revisions"}],"predecessor-version":[{"id":2031,"href":"https:\/\/www.kalmarkonstmuseum.se\/designarkivet\/wp-json\/wp\/v2\/posts\/1398\/revisions\/2031"}],"wp:featuredmedia":[{"embeddable":true,"href":"https:\/\/www.kalmarkonstmuseum.se\/designarkivet\/wp-json\/wp\/v2\/media\/1402"}],"wp:attachment":[{"href":"https:\/\/www.kalmarkonstmuseum.se\/designarkivet\/wp-json\/wp\/v2\/media?parent=1398"}],"wp:term":[{"taxonomy":"category","embeddable":true,"href":"https:\/\/www.kalmarkonstmuseum.se\/designarkivet\/wp-json\/wp\/v2\/categories?post=1398"},{"taxonomy":"post_tag","embeddable":true,"href":"https:\/\/www.kalmarkonstmuseum.se\/designarkivet\/wp-json\/wp\/v2\/tags?post=1398"}],"curies":[{"name":"wp","href":"https:\/\/api.w.org\/{rel}","templated":true}]}}