{"id":1434,"date":"2018-06-01T10:20:01","date_gmt":"2018-06-01T08:20:01","guid":{"rendered":"http:\/\/www.kalmarkonstmuseum.se\/designarkivet\/?p=1434"},"modified":"2024-01-26T13:34:28","modified_gmt":"2024-01-26T12:34:28","slug":"sommarutstallning-i-pukeberg","status":"publish","type":"post","link":"https:\/\/www.kalmarkonstmuseum.se\/designarkivet\/sommarutstallning-i-pukeberg\/","title":{"rendered":"Sommarutst\u00e4llning i Pukeberg"},"content":{"rendered":"<p>Snart \u00e4r det dags f\u00f6r sommarutst\u00e4llningen i Pukeberg. Designarkivet kommer att medverka med skisser och glas av Ulrica Hydman-Vallien tillsammans med n\u00e5gra av de \u00f6vriga verksamheterna i omr\u00e5det, (Riksglasskolan, Atelj\u00e9hus Pukeberg, Kalmar l\u00e4ns hemsl\u00f6jd, Zero och Nybro konstf\u00f6rening)<\/p>\n<p>Vernissage: 17 juni klockan 14<\/p>\n<p>Sedan \u00f6ppet 12-17 alla dagar hela sommaren fram till 12 augusti (st\u00e4ngt midsommarafton och midsommardagen)<\/p>\n<p>V\u00e4lkomna!<\/p>\n","protected":false},"excerpt":{"rendered":"<p>Snart \u00e4r det dags f\u00f6r sommarutst\u00e4llningen i Pukeberg. Designarkivet kommer att medverka med skisser och glas av Ulrica Hydman-Vallien tillsammans med n\u00e5gra av de \u00f6vriga verksamheterna i omr\u00e5det, (Riksglasskolan, Atelj\u00e9hus Pukeberg, Kalmar l\u00e4ns hemsl\u00f6jd, Zero och Nybro konstf\u00f6rening) Vernissage: 17 [&hellip;]<\/p>\n","protected":false},"author":58,"featured_media":1435,"comment_status":"closed","ping_status":"closed","sticky":false,"template":"","format":"standard","meta":{"_exactmetrics_skip_tracking":false,"_exactmetrics_sitenote_active":false,"_exactmetrics_sitenote_note":"","_exactmetrics_sitenote_category":0,"footnotes":""},"categories":[9],"tags":[],"class_list":["post-1434","post","type-post","status-publish","format-standard","has-post-thumbnail","hentry","category-utstallningar"],"_links":{"self":[{"href":"https:\/\/www.kalmarkonstmuseum.se\/designarkivet\/wp-json\/wp\/v2\/posts\/1434","targetHints":{"allow":["GET"]}}],"collection":[{"href":"https:\/\/www.kalmarkonstmuseum.se\/designarkivet\/wp-json\/wp\/v2\/posts"}],"about":[{"href":"https:\/\/www.kalmarkonstmuseum.se\/designarkivet\/wp-json\/wp\/v2\/types\/post"}],"author":[{"embeddable":true,"href":"https:\/\/www.kalmarkonstmuseum.se\/designarkivet\/wp-json\/wp\/v2\/users\/58"}],"replies":[{"embeddable":true,"href":"https:\/\/www.kalmarkonstmuseum.se\/designarkivet\/wp-json\/wp\/v2\/comments?post=1434"}],"version-history":[{"count":1,"href":"https:\/\/www.kalmarkonstmuseum.se\/designarkivet\/wp-json\/wp\/v2\/posts\/1434\/revisions"}],"predecessor-version":[{"id":2027,"href":"https:\/\/www.kalmarkonstmuseum.se\/designarkivet\/wp-json\/wp\/v2\/posts\/1434\/revisions\/2027"}],"wp:featuredmedia":[{"embeddable":true,"href":"https:\/\/www.kalmarkonstmuseum.se\/designarkivet\/wp-json\/wp\/v2\/media\/1435"}],"wp:attachment":[{"href":"https:\/\/www.kalmarkonstmuseum.se\/designarkivet\/wp-json\/wp\/v2\/media?parent=1434"}],"wp:term":[{"taxonomy":"category","embeddable":true,"href":"https:\/\/www.kalmarkonstmuseum.se\/designarkivet\/wp-json\/wp\/v2\/categories?post=1434"},{"taxonomy":"post_tag","embeddable":true,"href":"https:\/\/www.kalmarkonstmuseum.se\/designarkivet\/wp-json\/wp\/v2\/tags?post=1434"}],"curies":[{"name":"wp","href":"https:\/\/api.w.org\/{rel}","templated":true}]}}