{"id":1573,"date":"2020-06-17T16:10:40","date_gmt":"2020-06-17T14:10:40","guid":{"rendered":"http:\/\/www.kalmarkonstmuseum.se\/designarkivet\/?p=1573"},"modified":"2024-01-26T13:29:21","modified_gmt":"2024-01-26T12:29:21","slug":"hant-pa-arkivet-varen-2020","status":"publish","type":"post","link":"https:\/\/www.kalmarkonstmuseum.se\/designarkivet\/hant-pa-arkivet-varen-2020\/","title":{"rendered":"H\u00e4nt p\u00e5 arkivet &#8211; v\u00e5ren 2020"},"content":{"rendered":"<p>Denna v\u00e5r blev inte riktigt som vi t\u00e4nkt oss, en k\u00e4nsla vi s\u00e4kert delar med de allra flesta. Med anledning av covid-19 har vi, som m\u00e5nga andra, varit tvungna att st\u00e4lla in och st\u00e4lla om vissa delar av v\u00e5r verksamhet. Tr\u00e5kigt nog drabbade v\u00e5ra omst\u00e4llningar de visningar och grupper vi haft planerade och \u00e4n s\u00e5 l\u00e4nge m\u00e5ste vi fortfarande avb\u00f6ja bes\u00f6k hos oss.<\/p>\n<p>Men vi har, trots allt, haft en mycket h\u00e4ndelserik v\u00e5r! Vid \u00e5rsskiftet fick vi till\u00f6kning: Hel\u00e9ne Arthursson b\u00f6rjade hos oss som ny arkivarie. Och det var sannerligen i r\u00e4ttan tid, sedan dess har vi n\u00e4mligen l\u00e5nat ut arkivalier till fem institutioner i Sverige och Finland.<\/p>\n<p>Skisser av Carl Johan De Geer finns att se p\u00e5<a href=\"https:\/\/www.kulturen.com\/utstallningar\/carl-johan-de-geer-den-stora-missuppfattningen\/\"> <em>Den stora missuppfattningen <\/em><\/a>p\u00e5 Kulturen i Lund. Skisser av Ingrid Dessau och Arne Jacobsen finns att se p\u00e5 <a href=\"https:\/\/www.designmuseum.fi\/sv\/exhibitions\/travel-as-a-tool-2\/\"><em>Travel as a tool<\/em> <\/a>p\u00e5 Designmuseet i Helsingfors, en utst\u00e4llning som senare reser vidare till Vandalorum 2021. P\u00e5 <a href=\"https:\/\/www.solvesborgskonstforening.se\/utst%C3%A4llningar\/aktuell-utst%C3%A4llning-33693876\">S\u00f6lvesborgs konstf\u00f6renings sommarutst\u00e4llning<\/a> kan man se skisser av Hertha Bengtsson. Till Artipelags utst\u00e4llning <a href=\"https:\/\/artipelag.se\/utstallning\/signature-women\/\"><em>Signature Women \u2013 100 \u00e5r p\u00e5 den svenska konstscenen<\/em><\/a> har vi l\u00e5nat ut kl\u00e4desplagg av Maud Fredin Fredholm. Och sist, men inte minst, kan man se massor av textilier och skisser av Wanja Djanaieff p\u00e5 hennes <a href=\"https:\/\/marabouparken.se\/wanja-djanaieff\/\">retrospektiva utst\u00e4llning<\/a> hos Marabouparken.<\/p>\n<p>Vid \u00e5rsskiftet hade vi gl\u00e4djen att f\u00e5 ta emot en donation fr\u00e5n AB Sture Ljungdahls, ett lokalt f\u00f6retag med internationell angel\u00e4genhet. AB Sture Ljungdahls har, under olika namn, funnits i Nybro sedan 1852. F\u00f6retaget har f\u00f6rsett Sverige och v\u00e4rlden med brevpapper och kuvert och var p\u00e5 80-talet Europas tredje st\u00f6rsta kuvert-tillverkare.<\/p>\n<p>Vi vill \u00e4ven passa p\u00e5 att tipsa om utst\u00e4llningen <a href=\"http:\/\/www.kalmarkonstmuseum.se\/exhibition\/a-table-of-content\/\"><em>A table of content<\/em><\/a> p\u00e5 Kalmar konstmuseum d\u00e4r konstn\u00e4rerna \u00c5sa Norberg och Jennie Sund\u00e9n utforskar var design kommer ifr\u00e5n, hur det p\u00e5verkar oss m\u00e4nniskor och v\u00e5r omgivning. Norberg och Sund\u00e9n har till viss del utg\u00e5tt fr\u00e5n v\u00e5r samling och ett 40-tal av v\u00e5ra formgivare \u00e4r parafraserade. En minst sagt sp\u00e4nnande utst\u00e4llning d\u00e4r designhistoria och samtidskonst m\u00f6ts.<\/p>\n<p>Och slutligen s\u00e5 medverkar vi naturligtvis i \u00e5rets upplaga av Pukebergs sommarutst\u00e4llning tillsammans med v\u00e5ra grannar Atelj\u00e9hus Pukeberg, Riksglasskolan, Hemsl\u00f6jden i Kalmar l\u00e4n och Klockmagasinet. D\u00e4r visar vi skisser, textilier och glasf\u00f6rem\u00e5l av bland andra Viola Gr\u00e5sten, Tyra Lundgren, Bengt Arvidsson, Hans Krondahl och Gunnel Sahlin. Utst\u00e4llningen \u00e4r \u00f6ppen 21 juni \u2013 2 augusti alla dagar 10 \u2013 17.<\/p>\n<p>Glad sommar fr\u00e5n oss alla p\u00e5 Designarkivet!<\/p>\n<p>&nbsp;<\/p>\n","protected":false},"excerpt":{"rendered":"<p>Denna v\u00e5r blev inte riktigt som vi t\u00e4nkt oss, en k\u00e4nsla vi s\u00e4kert delar med de allra flesta. Med anledning av covid-19 har vi, som m\u00e5nga andra, varit tvungna att st\u00e4lla in och st\u00e4lla om vissa delar av v\u00e5r verksamhet. [&hellip;]<\/p>\n","protected":false},"author":66,"featured_media":1576,"comment_status":"closed","ping_status":"closed","sticky":false,"template":"","format":"standard","meta":{"_exactmetrics_skip_tracking":false,"_exactmetrics_sitenote_active":false,"_exactmetrics_sitenote_note":"","_exactmetrics_sitenote_category":0,"footnotes":""},"categories":[15],"tags":[101,109,103,106,100,108,102,107,104,98,99,105],"class_list":["post-1573","post","type-post","status-publish","format-standard","has-post-thumbnail","hentry","category-nyheter","tag-artipelag","tag-carl-johan-de-geer","tag-designmuseet","tag-hertha-bengtsson","tag-kalmar-konstmuseum","tag-kulturen-i-lund","tag-marabouparken","tag-maud-fredin-fredholm","tag-solvesborgs-konstforening","tag-sommarutstallning-pukeberg","tag-utstallning","tag-wanja-djanaieff"],"_links":{"self":[{"href":"https:\/\/www.kalmarkonstmuseum.se\/designarkivet\/wp-json\/wp\/v2\/posts\/1573","targetHints":{"allow":["GET"]}}],"collection":[{"href":"https:\/\/www.kalmarkonstmuseum.se\/designarkivet\/wp-json\/wp\/v2\/posts"}],"about":[{"href":"https:\/\/www.kalmarkonstmuseum.se\/designarkivet\/wp-json\/wp\/v2\/types\/post"}],"author":[{"embeddable":true,"href":"https:\/\/www.kalmarkonstmuseum.se\/designarkivet\/wp-json\/wp\/v2\/users\/66"}],"replies":[{"embeddable":true,"href":"https:\/\/www.kalmarkonstmuseum.se\/designarkivet\/wp-json\/wp\/v2\/comments?post=1573"}],"version-history":[{"count":3,"href":"https:\/\/www.kalmarkonstmuseum.se\/designarkivet\/wp-json\/wp\/v2\/posts\/1573\/revisions"}],"predecessor-version":[{"id":2022,"href":"https:\/\/www.kalmarkonstmuseum.se\/designarkivet\/wp-json\/wp\/v2\/posts\/1573\/revisions\/2022"}],"wp:featuredmedia":[{"embeddable":true,"href":"https:\/\/www.kalmarkonstmuseum.se\/designarkivet\/wp-json\/wp\/v2\/media\/1576"}],"wp:attachment":[{"href":"https:\/\/www.kalmarkonstmuseum.se\/designarkivet\/wp-json\/wp\/v2\/media?parent=1573"}],"wp:term":[{"taxonomy":"category","embeddable":true,"href":"https:\/\/www.kalmarkonstmuseum.se\/designarkivet\/wp-json\/wp\/v2\/categories?post=1573"},{"taxonomy":"post_tag","embeddable":true,"href":"https:\/\/www.kalmarkonstmuseum.se\/designarkivet\/wp-json\/wp\/v2\/tags?post=1573"}],"curies":[{"name":"wp","href":"https:\/\/api.w.org\/{rel}","templated":true}]}}