{"id":1631,"date":"2021-06-07T10:07:30","date_gmt":"2021-06-07T08:07:30","guid":{"rendered":"https:\/\/www.kalmarkonstmuseum.se\/designarkivet\/?p=1631"},"modified":"2021-12-29T13:09:58","modified_gmt":"2021-12-29T12:09:58","slug":"sommarutstallning-pukeberg-2021","status":"publish","type":"post","link":"https:\/\/www.kalmarkonstmuseum.se\/designarkivet\/sommarutstallning-pukeberg-2021\/","title":{"rendered":"Sommarutst\u00e4llning Pukeberg 2021"},"content":{"rendered":"<h3>19 juni \u2013 8 augusti<br \/>\nFritt intr\u00e4de<\/h3>\n<p>Nu \u00e4r det \u00e4ntligen dags f\u00f6r Sommarutst\u00e4llning i Pukeberg. Tillsammans med v\u00e5ra goda grannar Atelj\u00e9hus Pukeberg, Hemsl\u00f6jden, Klockmagasinet och Riksglasskolan bjuder vi in till f\u00e4rg, form, konst, sl\u00f6jd och design.<\/p>\n<p>Till \u00e5rets utst\u00e4llning har Designarkivet f\u00f6rberett en skara f\u00e4rgstarka och brokiga textiler av flera svenska formgivare. Hos Designarkivet finns \u00f6ver 5000 textiler och samlingen kan r\u00e4knas till en av Nordens viktigaste textilsamlingar. Att v\u00e4lja (och v\u00e4lja bort) inf\u00f6r en utst\u00e4llning \u00e4r d\u00e4rf\u00f6r inte alltid helt l\u00e4tt. F\u00f6r att skapa ytterligare r\u00f6relse i rummet, och maxa antalet verk, kommer n\u00e5gra textiler bytas ut under utst\u00e4llningens g\u00e5ng. I samband med dessa byten finns tillf\u00e4lle att l\u00e4ra sig mer om textilerna, formgivarna och tankarna kring urvalet.<\/p>\n<p><!--more--><\/p>\n<p>Utst\u00e4llningen \u00e4r \u00f6ppen alla dagar (utom 25-26\/6) kl 11 \u2013 17<\/p>\n<p>Medverkande formgivare ur Designarkivets samling: Birgitta Hahn, Josef Frank, Wanja Djanaieff, Eva Logell, Annika Malmstr\u00f6m-Bladini, Sven Fristedt, Hans Krondahl, Anna S\u00f6rensson, Susanne Beckman, G\u00f6ta Tr\u00e4g\u00e5rdh, Mona Bj\u00f6rk, \u00c5sa Gray och Carl Johan De Geer.<\/p>\n<p>Utst\u00e4llningsteamet best\u00e5r av konstn\u00e4rerna <a href=\"https:\/\/www.instagram.com\/_linda_persson_\/\">Linda Persson<\/a> och <a href=\"https:\/\/www.instagram.com\/misty_lyo\/\">Sarah Bouamrane<\/a> samt filosofen <a href=\"https:\/\/www.instagram.com\/zuruecknehmen\/\">Dr. Liam Sprod<\/a><br \/>\nUtst\u00e4llningsdesign av Linda Persson<\/p>\n<p><strong>TEXTILBYTEN OCH BER\u00c4TTANDE<br \/>\n<\/strong>Torsdag 8 juli<br \/>\nkl 13\u201313.40 Tv\u00e5 av Designarkivets tyger i utst\u00e4llningen byts ut inf\u00f6r publik och Inger Stjerna ber\u00e4ttar kort om Designarkivet, tygerna och formgivarna<br \/>\nkl 14\u201314.20 Inger Stjerna ber\u00e4ttar om Designarkivet, tygerna och formgivare<br \/>\nkl 15\u201315.20 Inger Stjerna ber\u00e4ttar om Designarkivet, tygerna och formgivarna<\/p>\n<p>Onsdag 28 juli<br \/>\nkl 13\u201313.40 Tv\u00e5 av Designarkivets tyger i utst\u00e4llningen byts ut inf\u00f6r publik och Inger Stjerna ber\u00e4ttar kort om Designarkivet, tygerna och formgivarna<br \/>\nkl 14\u201314.20 Inger Stjerna ber\u00e4ttar om Designarkivet, tygerna och formgivarna<\/p>\n<p>F\u00f6lj utst\u00e4llningsarbetet och l\u00e4s mer om utst\u00e4llarna hos <a href=\"https:\/\/www.instagram.com\/pukeberg.se\/\">@pukeberg.se<\/a> p\u00e5 Instagram<\/p>\n<p style=\"text-align: center;\">\n<p style=\"text-align: center;\"><iframe loading=\"lazy\" title=\"YouTube video player\" src=\"https:\/\/www.youtube.com\/embed\/ekMFxhkoOeE\" width=\"560\" height=\"315\" frameborder=\"0\" allowfullscreen=\"allowfullscreen\"><\/iframe><\/p>\n<p style=\"text-align: center;\">\n","protected":false},"excerpt":{"rendered":"<p>19 juni \u2013 8 augusti Fritt intr\u00e4de Nu \u00e4r det \u00e4ntligen dags f\u00f6r Sommarutst\u00e4llning i Pukeberg. Tillsammans med v\u00e5ra goda grannar Atelj\u00e9hus Pukeberg, Hemsl\u00f6jden, Klockmagasinet och Riksglasskolan bjuder vi in till f\u00e4rg, form, konst, sl\u00f6jd och design. Till \u00e5rets utst\u00e4llning [&hellip;]<\/p>\n","protected":false},"author":66,"featured_media":1643,"comment_status":"closed","ping_status":"closed","sticky":false,"template":"","format":"standard","meta":{"_exactmetrics_skip_tracking":false,"_exactmetrics_sitenote_active":false,"_exactmetrics_sitenote_note":"","_exactmetrics_sitenote_category":0,"footnotes":""},"categories":[9],"tags":[116,117,118,119,98],"class_list":["post-1631","post","type-post","status-publish","format-standard","has-post-thumbnail","hentry","category-utstallningar","tag-ateljehus-pukeberg","tag-hemslojden-i-kalmar-lan","tag-klockmagasinet","tag-riksglasskolan","tag-sommarutstallning-pukeberg"],"_links":{"self":[{"href":"https:\/\/www.kalmarkonstmuseum.se\/designarkivet\/wp-json\/wp\/v2\/posts\/1631","targetHints":{"allow":["GET"]}}],"collection":[{"href":"https:\/\/www.kalmarkonstmuseum.se\/designarkivet\/wp-json\/wp\/v2\/posts"}],"about":[{"href":"https:\/\/www.kalmarkonstmuseum.se\/designarkivet\/wp-json\/wp\/v2\/types\/post"}],"author":[{"embeddable":true,"href":"https:\/\/www.kalmarkonstmuseum.se\/designarkivet\/wp-json\/wp\/v2\/users\/66"}],"replies":[{"embeddable":true,"href":"https:\/\/www.kalmarkonstmuseum.se\/designarkivet\/wp-json\/wp\/v2\/comments?post=1631"}],"version-history":[{"count":28,"href":"https:\/\/www.kalmarkonstmuseum.se\/designarkivet\/wp-json\/wp\/v2\/posts\/1631\/revisions"}],"predecessor-version":[{"id":1725,"href":"https:\/\/www.kalmarkonstmuseum.se\/designarkivet\/wp-json\/wp\/v2\/posts\/1631\/revisions\/1725"}],"wp:featuredmedia":[{"embeddable":true,"href":"https:\/\/www.kalmarkonstmuseum.se\/designarkivet\/wp-json\/wp\/v2\/media\/1643"}],"wp:attachment":[{"href":"https:\/\/www.kalmarkonstmuseum.se\/designarkivet\/wp-json\/wp\/v2\/media?parent=1631"}],"wp:term":[{"taxonomy":"category","embeddable":true,"href":"https:\/\/www.kalmarkonstmuseum.se\/designarkivet\/wp-json\/wp\/v2\/categories?post=1631"},{"taxonomy":"post_tag","embeddable":true,"href":"https:\/\/www.kalmarkonstmuseum.se\/designarkivet\/wp-json\/wp\/v2\/tags?post=1631"}],"curies":[{"name":"wp","href":"https:\/\/api.w.org\/{rel}","templated":true}]}}