{"id":1669,"date":"2021-10-13T15:27:56","date_gmt":"2021-10-13T13:27:56","guid":{"rendered":"https:\/\/www.kalmarkonstmuseum.se\/designarkivet\/?p=1669"},"modified":"2021-10-13T15:37:11","modified_gmt":"2021-10-13T13:37:11","slug":"ide-process-arkiv-hostlov-pa-designarkivet","status":"publish","type":"post","link":"https:\/\/www.kalmarkonstmuseum.se\/designarkivet\/ide-process-arkiv-hostlov-pa-designarkivet\/","title":{"rendered":"Id\u00e9 &#8211; process &#8211; arkiv! H\u00f6stlov p\u00e5 Designarkivet"},"content":{"rendered":"<p>Snart \u00e4r det h\u00f6stlov (\u00e4ntligen!) och p\u00e5 Designarkivet bjuder vi in till workshop tillsammans med designverkstaden Studio Goja!<\/p>\n<h5 class=\"nomargin\">Id\u00e9 \u2013 process \u2013 arkiv!<\/h5>\n<div class=\"col-12 extrapadding\">\n<p>N\u00e4r: 2 och 5 november<br \/>\nTid: kl 13:30-15<br \/>\nPlats: <a href=\"https:\/\/www.kalmarkonstmuseum.se\/designarkivet\/\">Designarkivet<\/a> i Pukeberg, Nybro<br \/>\n\u00c5lder: 8-15 \u00e5r<br \/>\nKostnad: fritt intr\u00e4de<br \/>\nAnm\u00e4lan: skickas till info@designarkivet.se eller g\u00f6rs p\u00e5 0481-428 70. Den h\u00e4r workshopen \u00e4ger rum \u00f6ver tv\u00e5 dagar, vi b\u00f6rjar den 2 november och arbetar sen vidare den 5:e. Vi r\u00e4knar en anm\u00e4lan som medverkan p\u00e5 b\u00e5da dagarna. (Max 10 platser)<\/p>\n<p>Hur skapas design egentligen? Hur g\u00e5r designprocessen till? Vad \u00e4r en riktigt bra id\u00e9? Dyker den bara upp om vi har tur, eller kan vi faktiskt g\u00f6ra id\u00e9er? Finns det knep f\u00f6r att g\u00f6ra om en id\u00e9 till n\u00e5got vi kan se, anv\u00e4nda och experimentera med?<\/p>\n<p>I den h\u00e4r designverkstaden jobbar vi med textiltryck och designprocessen: fr\u00e5n id\u00e9generering med inspiration fr\u00e5n Designarkivet, via skapande och experimenterande, till n\u00e5got som kan dokumenteras och arkiveras!<\/p>\n<p>Vi ses i utst\u00e4llningshallen i Pukeberg vid tv\u00e5 tillf\u00e4llen. Under f\u00f6rsta tr\u00e4ffen utforskar vi designprocessen genom id\u00e9\u00f6vningar och olika trycktekniker. Vi h\u00e4mtar inspiration ur Designarkivets samling och b\u00f6rjar skissa p\u00e5 egna m\u00f6nster.<\/p>\n<p>Andra tr\u00e4ffen handlar om att dokumentera och arkivera det vi har skapat. Vilka skisser och experiment var viktiga f\u00f6r att komma fram till din design? Sparar vi allt vi gjort under processen, eller vill vi v\u00e4lja ut n\u00e5gra detaljer som kan f\u00f6rklara vad som h\u00e4nde och hur designen blev till? I fotostudion tar vi bild p\u00e5 det du vill spara i arkivet och p\u00e5 s\u00e5 s\u00e4tt blir din design en del av Designarkivet.<\/p>\n<p>Har du inte m\u00f6jlighet att delta p\u00e5 f\u00f6rsta tr\u00e4ffen? Under veckan finns det material och inspiration att h\u00e4mta i form av take away-p\u00e5sar p\u00e5 Designarkivet f\u00f6r att delta p\u00e5 distans.<\/p>\n<p>&nbsp;<\/p>\n<\/div>\n<div class=\"col-12 extrapadding\">\n<p><strong>Studio Goja<\/strong><br \/>\n<em>Studio Goja \u00e4r en designverkstad f\u00f6r barn och barns ber\u00e4ttelser och drivs av Marthe Roosenboom och Ida Liffner. Gojas verkst\u00e4der bottnar i barnkonventionen, och arbetar utifr\u00e5n m\u00e5lbilden att barn ska ha r\u00e4tt till information genom kultur, r\u00e4tt till fritt uttryck samt r\u00e4tt att f\u00e5 sin r\u00f6st h\u00f6rd. V\u00e5r vision \u00e4r att st\u00e4rka alla barns alla spr\u00e5k och bygga h\u00e5llbara arenor d\u00e4r de f\u00e5r komma till uttryck.<\/em><\/p>\n<\/div>\n<p><strong>B\u00e4sta Biennalens konstbiennal<\/strong><br \/>\nArrangemanget \u00e4r en del av <a href=\"https:\/\/bastabiennalen.se\/\">B\u00e4sta Biennalens konstbiennal 2021<\/a>, en konstfestival f\u00f6r barn och unga som \u00e4ger rum mellan den 23 oktober och 7 november 2021.<\/p>\n<p><a href=\"https:\/\/bastabiennalen.se\/\">B\u00e4sta Biennalen<\/a> har sitt s\u00e4te i Sk\u00e5ne och \u00e4r en regional satsning p\u00e5 barns och ungas m\u00f6te med samtida konst. B\u00e4sta Biennalens konstbiennal 2021 \u00e4ger rum i hela s\u00f6dra Sverige i samverkan med Regionssamverkan Sydsverige som \u00e4r ett samarbetsorgan f\u00f6r Sveriges sex sydligaste regioner och som arbetar f\u00f6r en l\u00e5ngsiktig h\u00e5llbar utveckling f\u00f6r Sydsverige. Regionsamverkan Sydsverige best\u00e5r av regionerna Sk\u00e5ne, Blekinge, Halland, J\u00f6nk\u00f6pings l\u00e4n, Kalmar l\u00e4n och Kronoberg. B\u00e4sta Biennalen finansieras av alla medverkande arrang\u00f6rer och regioner samt Kulturr\u00e5det.<\/p>\n","protected":false},"excerpt":{"rendered":"<p>Snart \u00e4r det h\u00f6stlov (\u00e4ntligen!) och p\u00e5 Designarkivet bjuder vi in till workshop tillsammans med designverkstaden Studio Goja! Id\u00e9 \u2013 process \u2013 arkiv! N\u00e4r: 2 och 5 november Tid: kl 13:30-15 Plats: Designarkivet i Pukeberg, Nybro \u00c5lder: 8-15 \u00e5r Kostnad: [&hellip;]<\/p>\n","protected":false},"author":66,"featured_media":1671,"comment_status":"closed","ping_status":"closed","sticky":false,"template":"","format":"standard","meta":{"_exactmetrics_skip_tracking":false,"_exactmetrics_sitenote_active":false,"_exactmetrics_sitenote_note":"","_exactmetrics_sitenote_category":0,"footnotes":""},"categories":[123,15],"tags":[120,122,121],"class_list":["post-1669","post","type-post","status-publish","format-standard","has-post-thumbnail","hentry","category-barn-och-unga","category-nyheter","tag-basta-biennalen","tag-hostlov-2021","tag-studio-goja"],"_links":{"self":[{"href":"https:\/\/www.kalmarkonstmuseum.se\/designarkivet\/wp-json\/wp\/v2\/posts\/1669","targetHints":{"allow":["GET"]}}],"collection":[{"href":"https:\/\/www.kalmarkonstmuseum.se\/designarkivet\/wp-json\/wp\/v2\/posts"}],"about":[{"href":"https:\/\/www.kalmarkonstmuseum.se\/designarkivet\/wp-json\/wp\/v2\/types\/post"}],"author":[{"embeddable":true,"href":"https:\/\/www.kalmarkonstmuseum.se\/designarkivet\/wp-json\/wp\/v2\/users\/66"}],"replies":[{"embeddable":true,"href":"https:\/\/www.kalmarkonstmuseum.se\/designarkivet\/wp-json\/wp\/v2\/comments?post=1669"}],"version-history":[{"count":7,"href":"https:\/\/www.kalmarkonstmuseum.se\/designarkivet\/wp-json\/wp\/v2\/posts\/1669\/revisions"}],"predecessor-version":[{"id":1677,"href":"https:\/\/www.kalmarkonstmuseum.se\/designarkivet\/wp-json\/wp\/v2\/posts\/1669\/revisions\/1677"}],"wp:featuredmedia":[{"embeddable":true,"href":"https:\/\/www.kalmarkonstmuseum.se\/designarkivet\/wp-json\/wp\/v2\/media\/1671"}],"wp:attachment":[{"href":"https:\/\/www.kalmarkonstmuseum.se\/designarkivet\/wp-json\/wp\/v2\/media?parent=1669"}],"wp:term":[{"taxonomy":"category","embeddable":true,"href":"https:\/\/www.kalmarkonstmuseum.se\/designarkivet\/wp-json\/wp\/v2\/categories?post=1669"},{"taxonomy":"post_tag","embeddable":true,"href":"https:\/\/www.kalmarkonstmuseum.se\/designarkivet\/wp-json\/wp\/v2\/tags?post=1669"}],"curies":[{"name":"wp","href":"https:\/\/api.w.org\/{rel}","templated":true}]}}