{"id":1711,"date":"2021-12-09T13:51:08","date_gmt":"2021-12-09T12:51:08","guid":{"rendered":"https:\/\/www.kalmarkonstmuseum.se\/designarkivet\/?p=1711"},"modified":"2021-12-09T13:54:49","modified_gmt":"2021-12-09T12:54:49","slug":"tiden-gar-fort-nar-man-har-roligt-hant-pa-arkivet-2021","status":"publish","type":"post","link":"https:\/\/www.kalmarkonstmuseum.se\/designarkivet\/tiden-gar-fort-nar-man-har-roligt-hant-pa-arkivet-2021\/","title":{"rendered":"Tiden g\u00e5r fort n\u00e4r man har roligt"},"content":{"rendered":"<p>\u2013\u00a0 och det har vi verkligen haft 2021! Trots att saker och ting fortsatt varit lite annorlunda har vi haft fullt upp med allt fr\u00e5n utl\u00e5n till kreativa projekt.<\/p>\n<p>Sj\u00e4lva har vi f\u00f6rst\u00e5s, traditionsenligt, medverkat i <a href=\"https:\/\/www.kalmarkonstmuseum.se\/designarkivet\/sommarutstallning-pukeberg-2021\/\">Pukebergs sommarutst\u00e4llning<\/a> och <a href=\"https:\/\/www.kalmarkonstmuseum.se\/designarkivet\/roster-i-arkivet-digital-utstallning-till-arkivens-dag\/\">Arkivens dag<\/a>. Men det \u00e4r framf\u00f6r allt genom v\u00e5ra utl\u00e5n som en \u00e4n st\u00f6rre publik kan ta del av v\u00e5r samling. Under 2021 har vi l\u00e5nat ut arkivalier till sex institutioner i Sverige och Danmark. Skisser och textilier av Ingrid Dessau och Arne Jacobsen har rest fr\u00e5n Designmuseet i Helsingfors, via Vandalorum i V\u00e4rnamo, till Kunstmus\u00e9et i T\u00f8nder p\u00e5 utst\u00e4llningen <a href=\"https:\/\/msj.dk\/udstillinger\/rejsen-som-redskab\/\"><em>Rejsen som redskab<\/em><\/a>. Till <em>Wanja Djanaieff och hennes tjugotv\u00e5 \u00e4lsklingsf\u00e4rger, <\/em>som f\u00f6rst visades p\u00e5 Marabouparken, har vi bidragit med s\u00e5v\u00e4l skisser som textilier. Utst\u00e4llningen har ocks\u00e5 visats p\u00e5 <a href=\"https:\/\/halsinglandsmuseum.se\/utstallningar\/2021\/wanja-djanaieff-och-hennes-tjugotva-alsklingsfarger\/\">H\u00e4lsinglands museum<\/a> och kommer till v\u00e5ren installeras p\u00e5 Vandalorum. Till <em>K\u00e4ra Monica<\/em> p\u00e5 The Glass Factory l\u00e5nade vi ut skisser och fotografier fr\u00e5n Monica Backstr\u00f6ms verksamhet. Carl Johan De Geers <a href=\"https:\/\/www.thielskagalleriet.se\/utstallning\/carl-johan-de-geer\/\"><em>Den stora missuppfattningen<\/em><\/a> och materialet fr\u00e5n v\u00e5r samling reste vidare till Thielska galleriet, och till <a href=\"http:\/\/teckningsmuseet.se\/utstallningar\/svensk-modeteckning-1920-2020\/\"><em>Gestaltningar av sin tid \u2013 svensk modeteckning 1920-2020<\/em><\/a> p\u00e5 Teckningsmuseet l\u00e5nade vi ut modeskisser av G\u00f6ta Tr\u00e4g\u00e5rdh.<\/p>\n<p>Detta \u00e5r \u00e4r ocks\u00e5 f\u00f6rsta \u00e5ret i projektet <a href=\"http:\/\/laraomarkivet.se\/\"><em>L\u00e4ra om arkivet<\/em><\/a>, ett tre\u00e5rigt utvecklingsprojekt d\u00e4r vi formulerar en brokig designhistoria med Sm\u00e5land som utg\u00e5ngspunkt. I projektet fl\u00e4tar vi samman en m\u00e5ngfald av platser, ber\u00e4ttelser och perspektiv f\u00f6r att ompr\u00f6va hur vi f\u00f6rst\u00e5r designhistoria och d\u00e4rigenom hitta fr\u00f6n till en h\u00e5llbar framtid. L\u00e4s mer om projektet, vad som \u00e4r p\u00e5 g\u00e5ng och platserna vi bes\u00f6ker p\u00e5 projektets hemsida och sociala medier.<\/p>\n<p>I \u00e5r har vi dessutom haft det stora n\u00f6jet att arbeta mer med verksamhet f\u00f6r barn och unga. Under p\u00e5sklovet fanns material f\u00f6r aspirerande inredningsarkitekter f\u00f6r upph\u00e4mtning och under h\u00f6stlovet gick vi fr\u00e5n id\u00e9 till arkiv med <a href=\"https:\/\/studiogoja.se\/\">Studio Goja<\/a> som en del av <a href=\"https:\/\/bastabiennalen.se\/\">B\u00e4sta biennalen \u2013 konstbiennal f\u00f6r barn och unga<\/a>. N\u00e4r omst\u00e4ndigheterna till\u00e4t nyttjade vi Pukebergs utst\u00e4llningshall f\u00f6r gruppvisningar och forskarbes\u00f6k.<\/p>\n<p>Sist men inte minst vill vi rikta ett stort tack till \u00e5rets donatorer! Fr\u00e5n Ann Grill tog vi emot en kompletterande donation med bland annat bildv\u00e4var och skisser till v\u00e5r samling av textilformgivaren Ann-Mari Grill Granhammers produktion. \u00c4ven textilformgivarna Birgitta Liedgren och Marianne Abelsson kompletterade med donationer av framf\u00f6r allt skisser ur deras respektive verksamheter. Slutligen, precis innan \u00e5ret g\u00e5tt till \u00e4nda, fick vi ta emot kompletterande textilier av Magnus Silfverhielm, inredningsarkitekt och arkitekt som bland annat ritat Designarkivets lokaler.<\/p>\n<p>Tack f\u00f6r ett rafflande 2021!<br \/>\n&#8211; Alla vi p\u00e5 Designarkivet<\/p>\n<p>Bild: Textil utan titel, Peter Condu.<\/p>\n","protected":false},"excerpt":{"rendered":"<p>\u2013\u00a0 och det har vi verkligen haft 2021! Trots att saker och ting fortsatt varit lite annorlunda har vi haft fullt upp med allt fr\u00e5n utl\u00e5n till kreativa projekt. Sj\u00e4lva har vi f\u00f6rst\u00e5s, traditionsenligt, medverkat i Pukebergs sommarutst\u00e4llning och Arkivens [&hellip;]<\/p>\n","protected":false},"author":66,"featured_media":1716,"comment_status":"closed","ping_status":"closed","sticky":false,"template":"","format":"standard","meta":{"_exactmetrics_skip_tracking":false,"_exactmetrics_sitenote_active":false,"_exactmetrics_sitenote_note":"","_exactmetrics_sitenote_category":0,"footnotes":""},"categories":[15],"tags":[132,129,133,131],"class_list":["post-1711","post","type-post","status-publish","format-standard","has-post-thumbnail","hentry","category-nyheter","tag-barn-och-unga","tag-designarkivet-2021","tag-donation","tag-utlan"],"_links":{"self":[{"href":"https:\/\/www.kalmarkonstmuseum.se\/designarkivet\/wp-json\/wp\/v2\/posts\/1711","targetHints":{"allow":["GET"]}}],"collection":[{"href":"https:\/\/www.kalmarkonstmuseum.se\/designarkivet\/wp-json\/wp\/v2\/posts"}],"about":[{"href":"https:\/\/www.kalmarkonstmuseum.se\/designarkivet\/wp-json\/wp\/v2\/types\/post"}],"author":[{"embeddable":true,"href":"https:\/\/www.kalmarkonstmuseum.se\/designarkivet\/wp-json\/wp\/v2\/users\/66"}],"replies":[{"embeddable":true,"href":"https:\/\/www.kalmarkonstmuseum.se\/designarkivet\/wp-json\/wp\/v2\/comments?post=1711"}],"version-history":[{"count":5,"href":"https:\/\/www.kalmarkonstmuseum.se\/designarkivet\/wp-json\/wp\/v2\/posts\/1711\/revisions"}],"predecessor-version":[{"id":1719,"href":"https:\/\/www.kalmarkonstmuseum.se\/designarkivet\/wp-json\/wp\/v2\/posts\/1711\/revisions\/1719"}],"wp:featuredmedia":[{"embeddable":true,"href":"https:\/\/www.kalmarkonstmuseum.se\/designarkivet\/wp-json\/wp\/v2\/media\/1716"}],"wp:attachment":[{"href":"https:\/\/www.kalmarkonstmuseum.se\/designarkivet\/wp-json\/wp\/v2\/media?parent=1711"}],"wp:term":[{"taxonomy":"category","embeddable":true,"href":"https:\/\/www.kalmarkonstmuseum.se\/designarkivet\/wp-json\/wp\/v2\/categories?post=1711"},{"taxonomy":"post_tag","embeddable":true,"href":"https:\/\/www.kalmarkonstmuseum.se\/designarkivet\/wp-json\/wp\/v2\/tags?post=1711"}],"curies":[{"name":"wp","href":"https:\/\/api.w.org\/{rel}","templated":true}]}}