{"id":1733,"date":"2022-05-24T16:21:50","date_gmt":"2022-05-24T14:21:50","guid":{"rendered":"https:\/\/www.kalmarkonstmuseum.se\/designarkivet\/?p=1733"},"modified":"2022-09-01T14:48:29","modified_gmt":"2022-09-01T12:48:29","slug":"bokrelease-en-bok-om-designarkivet","status":"publish","type":"post","link":"https:\/\/www.kalmarkonstmuseum.se\/designarkivet\/bokrelease-en-bok-om-designarkivet\/","title":{"rendered":"En bok om Designarkivet"},"content":{"rendered":"<p>\u00c4ntligen \u00e4r vi med bok! <em>En bok om Designarkivet\u00a0<\/em>av v\u00e5r tidigare arkivchef Eva W\u00e4ngelin ger en bred inblick i det unika nationella kulturarv som finns bevarat hos Designarkivet i Nybro.<\/p>\n<p>OM <em>EN BOK OM DESIGNARKIVET<\/em><br \/>\nP\u00e5 Designarkivet i Nybro, Sm\u00e5land, finns ett unikt nationellt kulturarv. H\u00e4r bevaras skisser av 850 formgivare ur v\u00e5r designhistoria. Skisser till allt fr\u00e5n textil till industridesign, glas och m\u00f6bler finns representerat i en samling som i allra h\u00f6gsta grad \u00e4r levande och varje \u00e5r v\u00e4xer.<\/p>\n<p>F\u00f6rfattaren Eva W\u00e4ngelin ber\u00e4ttar:<br \/>\n\u2013 Att v\u00e4lja vilka av arkivets 850 formgivare att ta med i en bok om Designarkivet var en i det n\u00e4rmaste om\u00f6jlig uppgift. Av n\u00e5gra formgivare har vi mycket material av andra bara enstaka objekt. N\u00e5gra \u00e4r k\u00e4nda f\u00f6r allm\u00e4nheten andra bara i en mindre krets. Alla \u00e4r viktiga f\u00f6r oss. Men denna f\u00f6rsta bok om Designarkivet ger en inblick i arkivets historia och det sp\u00e4nnande och s\u00e4llsynta material som arkivet inneh\u00e5ller.<\/p>\n<p>Designarkivets inneh\u00e5ll \u00e4r unikt vad g\u00e4ller bredden d\u00e4r allt fr\u00e5n textil till industridesign, glas och m\u00f6bler finns representerat i samlingen. Det \u00e4r \u00e4ven unikt genom att det just \u00e4r skissen, formgivarnas f\u00f6rarbeten och processer, som samlas in och inte slutprodukten. Designarkivet \u00e4r dessutom ett levande arkiv d\u00e4r nya designer fogas till samlingen varje \u00e5r. Med boken vill vi sprida kunskap om den k\u00e4lla till f\u00f6rdjupning om svensk design som finns tillg\u00e4nglig i arkivet.<\/p>\n<p>OM DESIGNARKIVET<br \/>\nDesignarkivet ligger i det gamla glasbruksomr\u00e5det Pukeberg i Nybro och arbetar f\u00f6r att samla, bevara och tillg\u00e4ngligg\u00f6ra material som ger kunskap om designerns arbetsprocess genom historien. I arkivet, som grundades 1978, finns \u00f6ver 120 000 skisser, textilier, modeller och ritningar av omkring 850 formgivare.<\/p>\n<p>OM EVA W\u00c4NGELIN<br \/>\nEva W\u00e4ngelin (f. 1953) \u00e4r utbildad arkeolog, kulturvetare och industridesigner vid Lunds universitet. Hon var arkivchef p\u00e5 Designarkivet i Pukeberg fr\u00e5n 2015\u20132019 och har under m\u00e5nga \u00e5r arbetat som producent av kulturhistoriska utst\u00e4llningar b\u00e5de i Sverige och internationellt.<\/p>\n<p>K\u00d6P BOKEN<br \/>\n\u00c4r du intresserad av att k\u00f6pa boken? Boken kostar 220:- och finns just nu att k\u00f6pa i butiken hos exempelvis Kalmar konstmuseum och Skissernas museum i Lund. Vi kan ocks\u00e5 skicka boken per post. Kontakta oss p\u00e5 <a href=\"mailto:info@designarkivet.se\">info@designarkivet.se<\/a> s\u00e5 hj\u00e4lper vi dig! Vi vill ocks\u00e5 tipsa om att du som tecknar <a href=\"https:\/\/www.kalmarkonstmuseum.se\/medlem\/\">medlemskap i Kalmar konstf\u00f6rening<\/a> f\u00e5r boken som g\u00e5va!<\/p>\n","protected":false},"excerpt":{"rendered":"<p>\u00c4ntligen \u00e4r vi med bok! En bok om Designarkivet\u00a0av v\u00e5r tidigare arkivchef Eva W\u00e4ngelin ger en bred inblick i det unika nationella kulturarv som finns bevarat hos Designarkivet i Nybro. OM EN BOK OM DESIGNARKIVET P\u00e5 Designarkivet i Nybro, Sm\u00e5land, [&hellip;]<\/p>\n","protected":false},"author":66,"featured_media":1734,"comment_status":"closed","ping_status":"closed","sticky":false,"template":"","format":"standard","meta":{"_exactmetrics_skip_tracking":false,"_exactmetrics_sitenote_active":false,"_exactmetrics_sitenote_note":"","_exactmetrics_sitenote_category":0,"footnotes":""},"categories":[15],"tags":[],"class_list":["post-1733","post","type-post","status-publish","format-standard","has-post-thumbnail","hentry","category-nyheter"],"_links":{"self":[{"href":"https:\/\/www.kalmarkonstmuseum.se\/designarkivet\/wp-json\/wp\/v2\/posts\/1733","targetHints":{"allow":["GET"]}}],"collection":[{"href":"https:\/\/www.kalmarkonstmuseum.se\/designarkivet\/wp-json\/wp\/v2\/posts"}],"about":[{"href":"https:\/\/www.kalmarkonstmuseum.se\/designarkivet\/wp-json\/wp\/v2\/types\/post"}],"author":[{"embeddable":true,"href":"https:\/\/www.kalmarkonstmuseum.se\/designarkivet\/wp-json\/wp\/v2\/users\/66"}],"replies":[{"embeddable":true,"href":"https:\/\/www.kalmarkonstmuseum.se\/designarkivet\/wp-json\/wp\/v2\/comments?post=1733"}],"version-history":[{"count":5,"href":"https:\/\/www.kalmarkonstmuseum.se\/designarkivet\/wp-json\/wp\/v2\/posts\/1733\/revisions"}],"predecessor-version":[{"id":1751,"href":"https:\/\/www.kalmarkonstmuseum.se\/designarkivet\/wp-json\/wp\/v2\/posts\/1733\/revisions\/1751"}],"wp:featuredmedia":[{"embeddable":true,"href":"https:\/\/www.kalmarkonstmuseum.se\/designarkivet\/wp-json\/wp\/v2\/media\/1734"}],"wp:attachment":[{"href":"https:\/\/www.kalmarkonstmuseum.se\/designarkivet\/wp-json\/wp\/v2\/media?parent=1733"}],"wp:term":[{"taxonomy":"category","embeddable":true,"href":"https:\/\/www.kalmarkonstmuseum.se\/designarkivet\/wp-json\/wp\/v2\/categories?post=1733"},{"taxonomy":"post_tag","embeddable":true,"href":"https:\/\/www.kalmarkonstmuseum.se\/designarkivet\/wp-json\/wp\/v2\/tags?post=1733"}],"curies":[{"name":"wp","href":"https:\/\/api.w.org\/{rel}","templated":true}]}}