{"id":1739,"date":"2022-06-10T15:20:33","date_gmt":"2022-06-10T13:20:33","guid":{"rendered":"https:\/\/www.kalmarkonstmuseum.se\/designarkivet\/?p=1739"},"modified":"2022-07-07T18:23:42","modified_gmt":"2022-07-07T16:23:42","slug":"hotel-al-rasheed-och-orrefors-en-berattelse-om-ett-fantastiskt-hotell-och-spektakulara-kristallkronor","status":"publish","type":"post","link":"https:\/\/www.kalmarkonstmuseum.se\/designarkivet\/hotel-al-rasheed-och-orrefors-en-berattelse-om-ett-fantastiskt-hotell-och-spektakulara-kristallkronor\/","title":{"rendered":"Hotel Al Rasheed och Orrefors \u2013 en ber\u00e4ttelse om ett fantastiskt hotell och spektakul\u00e4ra kristallkronor"},"content":{"rendered":"<p><strong>18\/6 \u2013 6\/8<\/strong><br \/>\n\u00d6ppet alla dagar 11\u201317<\/p>\n<p>VERNISSAGE 18 JUNI KL 11<br \/>\nPukebergsomr\u00e5dets utst\u00e4llningshall<br \/>\nPukebergarnas v\u00e4g 24, 382 34 Nybro<\/p>\n<p>Till \u00e5rets <a href=\"https:\/\/fb.me\/e\/3dJA8x457\">sommarutst\u00e4llning i Pukeberg<\/a> \u00e4r vi glada att presentera utst\u00e4llningen <em>Hotel Al Rasheed och Orrefors \u2013 en ber\u00e4ttelse om ett fantastiskt hotell och spektakul\u00e4ra kristallkronor<\/em>. I utst\u00e4llningen uppm\u00e4rksammas ett stycke oskriven svensk-irakisk designhistoria \u2013 en historia om design av yppersta kvalitet, v\u00e4rldspolitik och krig.<\/p>\n<p>Alliansfria r\u00f6relsens sjunde toppm\u00f6te planerades att h\u00e5llas i Bagdad 1982. Det var ett viktigt m\u00f6te d\u00e4r delegater fr\u00e5n det globala syd skulle diskutera stora gemensamma fr\u00e5gor. Ett m\u00f6te av denna vikt beh\u00f6vde en inramning, en lokal, som kunde motsvara sammankomstens dignitet. Uppdraget att utf\u00f6ra bygget gick till Skanska i Kalmar 1978. Hotellbyggnaden ritades av den danska arkitekten Ole Helweg och inredningen levererades i huvudsak av svenska f\u00f6retag, flera av dem fr\u00e5n Sm\u00e5land. Det sparades inte p\u00e5 n\u00e5gra kostnader i formandet av m\u00f6tets materiella inramning.<\/p>\n<p>I utst\u00e4llningen visas filmen <em>Bagdadkristallerna \u2013 Ber\u00e4ttelsen om Orrefors och ett sagolikt hotell<\/em> (24 min) av journalisten Agneta Gustavsson och filmaren Rolf Magnusson. H\u00e4r ber\u00e4ttas en sm\u00e5l\u00e4ndsk historia kring byggandet av Hotel Al Rasheed. Genom intervjuer med bruksarbetare p\u00e5 Orrefors f\u00e5r vi l\u00e4ra oss om de spektakul\u00e4ra kristallkronorna som r\u00e4ddade bruket ekonomiskt i b\u00f6rjan av 1980-talet.<\/p>\n<p>Utst\u00e4llningen visar ocks\u00e5 skisser till Orrefors kristaller, n\u00e5gra av de m\u00f6bler som gjordes f\u00f6r Hotel Al Rasheed samt filmen <em>Sverige och byggexporten \u2013 Al Rasheed i Bagdad <\/em>(14 min), producerad av Skanska, d\u00e4r Skanska sj\u00e4lva ber\u00e4ttar om hela produktionen.<\/p>\n<p>Christina Zetterlund, designhistoriker och curator<em>, <\/em>s\u00e4ger:<br \/>\n<em> \u2013\u00a0 <\/em>H\u00e4r i Sm\u00e5land \u00e4r det m\u00e5nga som k\u00e4nner till historien om Hotel Al Rasheed, antingen genom egna erfarenheter fr\u00e5n produktionen eller genom sl\u00e4ktingar och v\u00e4nner som ber\u00e4ttat. Men utanf\u00f6r Sm\u00e5land \u00e4r denna historia relativt ok\u00e4nd, trots att det var ett s\u00e5 viktigt projekt. V\u00e5r f\u00f6rhoppning \u00e4r att fler h\u00f6r av sig till oss och ber\u00e4ttar om vad de varit med om!<\/p>\n<p>Alliansfria r\u00f6relsen var mycket viktig. Den organiserade ett stort antal stater i det globala syd som ville agera sj\u00e4lvst\u00e4ndigt bortom kalla krigets tv\u00e5 ideologiska block och var mycket inflytelserik under perioden d\u00e5 hotellet byggdes. Det blev aldrig n\u00e5got m\u00f6te i Bagdad. \u00c5r 1982 var Irak i krig med Iran som bombade n\u00e4ra hotellet f\u00f6r att manifestera att det inte gick att h\u00e5lla n\u00e5got m\u00f6te h\u00e4r. Kvar stod det fantastiska hotellet som \u00e4ven i sin fortsatta historia kom att st\u00e5 i v\u00e4rldspolitikens korsdrag.<\/p>\n<p>Har du eller n\u00e5gon som du k\u00e4nner bidragit till att skapa detta fantastiska hotell f\u00e5r du g\u00e4rna h\u00f6ra av dig! Kontakta Christina Zetterlund p\u00e5 <a href=\"mailto:christina.zetterlund@designarkivet.se\">christina.zetterlund@designarkivet.se<\/a> eller 076\u20137953023. Hinner du inte se b\u00e5da filmerna under ditt bes\u00f6k s\u00e5 finns filmerna att se p\u00e5 <a href=\"https:\/\/laraomarkivet.se\/kalender\/hotel-al-rasheed-och-orrefors-en-berattelse-om-ett-fantastiskt-hotell-och-spektakulara-kristallkronor\/\" target=\"_blank\" rel=\"noopener\"><em>L\u00e4ra om arkivets<\/em><\/a> hemsida.<\/p>\n<p>Utst\u00e4llningen g\u00f6rs i samarbete mellan <a href=\"https:\/\/www.laraomarkivet.se\"><em>L\u00e4ra om arkivet<\/em><\/a><em>,<\/em> som st\u00f6ds av Kulturr\u00e5det och Region Kalmar L\u00e4n, och forskningsprojektet <a href=\"https:\/\/lnu.se\/forskning\/sok-forskning\/forskningsprojekt\/projekt-designhistoria-i-andra-geografier\/\"><em>Designhistoria i andra geografier<\/em><\/a> vid Linn\u00e9universitet vilket finansieras av Riksantikvarie\u00e4mbetet. Utst\u00e4llningen arrangeras i samband med <a href=\"https:\/\/fb.me\/e\/3dJA8x457\"><em>Sommarutst\u00e4llning Pukeberg 2022<\/em><\/a> d\u00e4r \u00e4ven <a href=\"https:\/\/kalmarhemslojd.se\/\">Hemsl\u00f6jden<\/a>, <a href=\"https:\/\/www.ateljehuspukeberg.com\/\">Atelj\u00e9hus Pukeberg<\/a>, <a href=\"https:\/\/riksglasskolan.nybro.se\/\">Riksglasskolan<\/a> och Klockmagasinet medverkar.<\/p>\n<p>&nbsp;<\/p>\n<p>OM AGNETA GUSTAVSSON<br \/>\nJournalist sedan 1972, mestadels f\u00f6r SVT. Gustavsson har varit inblandad i ett antal projekt om Glasriket, bland annat filmen <em>Vad ska man s\u00e4ga? <\/em>om nedl\u00e4ggningen av glasbruken i \u00c5fors och Orrefors samt boken <em>Och sen d\u00e5\u2026 Vad h\u00e4nder i Glasriket?<\/em><\/p>\n<p>OM ROLF MAGNUSSON<br \/>\nYrkesfotograf sedan 1972, har bland annat jobbat med medicinskt fotografi och reklam. Entusiastisk musiker som spelar gitarr och trumpet i olika band.<\/p>\n<p>Curator: Christina Zetterlund<br \/>\nUtst\u00e4llningsform: Pontus Lindvall<br \/>\nGrafisk form: Lisa Olausson<\/p>\n<p>Foto: Jan Olsson\/Skanska<\/p>\n","protected":false},"excerpt":{"rendered":"<p>18\/6 \u2013 6\/8 \u00d6ppet alla dagar 11\u201317 VERNISSAGE 18 JUNI KL 11 Pukebergsomr\u00e5dets utst\u00e4llningshall Pukebergarnas v\u00e4g 24, 382 34 Nybro Till \u00e5rets sommarutst\u00e4llning i Pukeberg \u00e4r vi glada att presentera utst\u00e4llningen Hotel Al Rasheed och Orrefors \u2013 en ber\u00e4ttelse om [&hellip;]<\/p>\n","protected":false},"author":66,"featured_media":1740,"comment_status":"closed","ping_status":"closed","sticky":false,"template":"","format":"standard","meta":{"_exactmetrics_skip_tracking":false,"_exactmetrics_sitenote_active":false,"_exactmetrics_sitenote_note":"","_exactmetrics_sitenote_category":0,"footnotes":""},"categories":[9],"tags":[134,135,98],"class_list":["post-1739","post","type-post","status-publish","format-standard","has-post-thumbnail","hentry","category-utstallningar","tag-hotel-al-rasheed","tag-orrefors","tag-sommarutstallning-pukeberg"],"_links":{"self":[{"href":"https:\/\/www.kalmarkonstmuseum.se\/designarkivet\/wp-json\/wp\/v2\/posts\/1739","targetHints":{"allow":["GET"]}}],"collection":[{"href":"https:\/\/www.kalmarkonstmuseum.se\/designarkivet\/wp-json\/wp\/v2\/posts"}],"about":[{"href":"https:\/\/www.kalmarkonstmuseum.se\/designarkivet\/wp-json\/wp\/v2\/types\/post"}],"author":[{"embeddable":true,"href":"https:\/\/www.kalmarkonstmuseum.se\/designarkivet\/wp-json\/wp\/v2\/users\/66"}],"replies":[{"embeddable":true,"href":"https:\/\/www.kalmarkonstmuseum.se\/designarkivet\/wp-json\/wp\/v2\/comments?post=1739"}],"version-history":[{"count":6,"href":"https:\/\/www.kalmarkonstmuseum.se\/designarkivet\/wp-json\/wp\/v2\/posts\/1739\/revisions"}],"predecessor-version":[{"id":1748,"href":"https:\/\/www.kalmarkonstmuseum.se\/designarkivet\/wp-json\/wp\/v2\/posts\/1739\/revisions\/1748"}],"wp:featuredmedia":[{"embeddable":true,"href":"https:\/\/www.kalmarkonstmuseum.se\/designarkivet\/wp-json\/wp\/v2\/media\/1740"}],"wp:attachment":[{"href":"https:\/\/www.kalmarkonstmuseum.se\/designarkivet\/wp-json\/wp\/v2\/media?parent=1739"}],"wp:term":[{"taxonomy":"category","embeddable":true,"href":"https:\/\/www.kalmarkonstmuseum.se\/designarkivet\/wp-json\/wp\/v2\/categories?post=1739"},{"taxonomy":"post_tag","embeddable":true,"href":"https:\/\/www.kalmarkonstmuseum.se\/designarkivet\/wp-json\/wp\/v2\/tags?post=1739"}],"curies":[{"name":"wp","href":"https:\/\/api.w.org\/{rel}","templated":true}]}}