{"id":1787,"date":"2022-10-19T08:56:35","date_gmt":"2022-10-19T06:56:35","guid":{"rendered":"https:\/\/www.kalmarkonstmuseum.se\/designarkivet\/?p=1787"},"modified":"2022-10-19T09:00:32","modified_gmt":"2022-10-19T07:00:32","slug":"koppars-geografi","status":"publish","type":"post","link":"https:\/\/www.kalmarkonstmuseum.se\/designarkivet\/koppars-geografi\/","title":{"rendered":"Koppars geografi &#8211; residensprojekt av Makda Embaie"},"content":{"rendered":"\r\n<p>Vad kan kopparna i v\u00e5ra sk\u00e5p ber\u00e4tta f\u00f6r oss? N\u00e4r anv\u00e4ndes de och hur hamnade de d\u00e4r? Vilka var de m\u00e4nniskor som s\u00e5lde serviser, men ocks\u00e5 tavlor genom att knacka d\u00f6rr? Under oktober var konstn\u00e4ren och poeten Makda Embaie p\u00e5 plats i projektet <em>Koppars geografi<\/em>. Med sig hade hon servisen\u00a0<em>Alfreda Blocho 1845 <\/em>\u2013 en servis hennes mamma k\u00f6pte av en polsk kringresande porslinsf\u00f6rs\u00e4ljare under 1990-talet. Vad vet vi mer om servisen? Inte mycket, mer \u00e4n att den troligen tillverkats i Polen. Om du, eller n\u00e5gon du k\u00e4nner, vet mer om servisen <em>Alfreda Blocho 1845<\/em>, eller har egna minnen av att handla fr\u00e5n kringresande porslinf\u00f6rs\u00e4ljare, kontakta oss g\u00e4rna!<\/p>\r\n<p><em>Koppars geografi<\/em> \u00e4r en del av Designarkivets projekt <a href=\"https:\/\/laraomarkivet.se\/\"><em>L\u00e4ra om arkivet<\/em><\/a> och Kalmar konstmuseums residensprogram <em><a href=\"https:\/\/www.kalmarkonstmuseum.se\/bodycake-vart-residensprogram\/\" target=\"_blank\" rel=\"noreferrer noopener\">Bodycake<\/a>.<\/em> \u00a0<\/p>\r\n<h5>OM MAKDA EMBAIE\r\n\r\n<\/h5>\r\n<p>Nationalstaten och spr\u00e5k \u00e4r centrala\u00a0begrepp i Makda Embaies (f.1994) konstn\u00e4rskap. Verken tar sig i uttryck genom ljud, text, film och installationer. Vad h\u00e4nder n\u00e4r konsten praktiserar och f\u00f6rs\u00f6ker genomleva fr\u00e5gan om vad spr\u00e5k \u00e4r? Hur kan vi praktisera spr\u00e5k och andra uttryck som en specifik erfarenhet ist\u00e4llet f\u00f6r att betrakta spr\u00e5ket som egendom till nationalstaten? Hon har studerat vid Biskop Arn\u00f6s f\u00f6rfattarskola och tagit en post-masterexamen vid Kungl. Konsth\u00f6gskolan i Stockholm i\u00a0<em>Decolonizing architecture<\/em>. \u00c5r 2020 tog hon sin kandidatexamen i konst vid Konstfack, Stockholm. D\u00e4refter studerade hon vid Konsth\u00f6gskolan i Oslo och tog en MFA 2022. Hon har deltagit i utst\u00e4llningar s\u00e5 som\u00a0<em>Phantoms of the Commons<\/em>\u00a0p\u00e5 Tensta konsthall (Stockholm),\u00a0<em>Folk tror Foxtrot<\/em>\u00a0p\u00e5 Kunstnerens hus (Oslo),\u00a0<em>Breaking bread and Language<\/em>\u00a0p\u00e5 Aereal och festivalen Borealis (Bergen),\u00a0<em>Min tunga \u00e4r ett ankare\u00a0<\/em>p\u00e5 Konsthallen Bl\u00e5 st\u00e4llet (G\u00f6teborg),<em>\u00a0K\u00f6ksfl\u00e4kten\u00a0<\/em>p\u00e5 Bananaz (Oslo),\u00a0<em>Dreaming Coffee<\/em>\u00a0p\u00e5 Radio Cyklopen (Stockholm),\u00a0<em>Nu n\u00e4r vi varit med varandra\u00a0<\/em>p\u00e5 Medborgarhuset i H\u00e4gerstens\u00e5sen (Stockholm), Genom mig p\u00e5 Centrum f\u00f6r Fotografi (Stockholm) och Stockholms Kvinnohistoriska.<br \/>\u00a0<\/p>\r\n<div id='gallery-1' class='gallery galleryid-1787 gallery-columns-3 gallery-size-medium'><figure class='gallery-item'>\n\t\t\t<div class='gallery-icon portrait'>\n\t\t\t\t<a href='https:\/\/www.kalmarkonstmuseum.se\/designarkivet\/koppars-geografi\/img_20221006_114522\/'><img loading=\"lazy\" decoding=\"async\" width=\"225\" height=\"300\" src=\"https:\/\/www.kalmarkonstmuseum.se\/designarkivet\/wp-content\/uploads\/sites\/4\/2022\/10\/img_20221006_114522-225x300.jpg\" class=\"attachment-medium size-medium\" alt=\"Alfreda Blocho 1845\" aria-describedby=\"gallery-1-1788\" srcset=\"https:\/\/www.kalmarkonstmuseum.se\/designarkivet\/wp-content\/uploads\/sites\/4\/2022\/10\/img_20221006_114522-225x300.jpg 225w, https:\/\/www.kalmarkonstmuseum.se\/designarkivet\/wp-content\/uploads\/sites\/4\/2022\/10\/img_20221006_114522-769x1024.jpg 769w, https:\/\/www.kalmarkonstmuseum.se\/designarkivet\/wp-content\/uploads\/sites\/4\/2022\/10\/img_20221006_114522-768x1023.jpg 768w, https:\/\/www.kalmarkonstmuseum.se\/designarkivet\/wp-content\/uploads\/sites\/4\/2022\/10\/img_20221006_114522-1153x1536.jpg 1153w, https:\/\/www.kalmarkonstmuseum.se\/designarkivet\/wp-content\/uploads\/sites\/4\/2022\/10\/img_20221006_114522-1538x2048.jpg 1538w, https:\/\/www.kalmarkonstmuseum.se\/designarkivet\/wp-content\/uploads\/sites\/4\/2022\/10\/img_20221006_114522-scaled.jpg 1922w\" sizes=\"auto, (max-width: 225px) 100vw, 225px\" \/><\/a>\n\t\t\t<\/div>\n\t\t\t\t<figcaption class='wp-caption-text gallery-caption' id='gallery-1-1788'>\n\t\t\t\tKanna &#8211; Alfreda Blocho 1845\n\t\t\t\t<\/figcaption><\/figure><figure class='gallery-item'>\n\t\t\t<div class='gallery-icon portrait'>\n\t\t\t\t<a href='https:\/\/www.kalmarkonstmuseum.se\/designarkivet\/koppars-geografi\/img_20221006_114539\/'><img loading=\"lazy\" decoding=\"async\" width=\"225\" height=\"300\" src=\"https:\/\/www.kalmarkonstmuseum.se\/designarkivet\/wp-content\/uploads\/sites\/4\/2022\/10\/img_20221006_114539-225x300.jpg\" class=\"attachment-medium size-medium\" alt=\"St\u00e4mpel Alfreda Blocho 1845\" aria-describedby=\"gallery-1-1789\" srcset=\"https:\/\/www.kalmarkonstmuseum.se\/designarkivet\/wp-content\/uploads\/sites\/4\/2022\/10\/img_20221006_114539-225x300.jpg 225w, https:\/\/www.kalmarkonstmuseum.se\/designarkivet\/wp-content\/uploads\/sites\/4\/2022\/10\/img_20221006_114539-769x1024.jpg 769w, https:\/\/www.kalmarkonstmuseum.se\/designarkivet\/wp-content\/uploads\/sites\/4\/2022\/10\/img_20221006_114539-768x1023.jpg 768w, https:\/\/www.kalmarkonstmuseum.se\/designarkivet\/wp-content\/uploads\/sites\/4\/2022\/10\/img_20221006_114539-1153x1536.jpg 1153w, https:\/\/www.kalmarkonstmuseum.se\/designarkivet\/wp-content\/uploads\/sites\/4\/2022\/10\/img_20221006_114539-1538x2048.jpg 1538w, https:\/\/www.kalmarkonstmuseum.se\/designarkivet\/wp-content\/uploads\/sites\/4\/2022\/10\/img_20221006_114539-scaled.jpg 1922w\" sizes=\"auto, (max-width: 225px) 100vw, 225px\" \/><\/a>\n\t\t\t<\/div>\n\t\t\t\t<figcaption class='wp-caption-text gallery-caption' id='gallery-1-1789'>\n\t\t\t\tSt\u00e4mpel Alfreda Blocho 1845\n\t\t\t\t<\/figcaption><\/figure><figure class='gallery-item'>\n\t\t\t<div class='gallery-icon portrait'>\n\t\t\t\t<a href='https:\/\/www.kalmarkonstmuseum.se\/designarkivet\/koppars-geografi\/img_20221006_115738\/'><img loading=\"lazy\" decoding=\"async\" width=\"225\" height=\"300\" src=\"https:\/\/www.kalmarkonstmuseum.se\/designarkivet\/wp-content\/uploads\/sites\/4\/2022\/10\/img_20221006_115738-225x300.jpg\" class=\"attachment-medium size-medium\" alt=\"Makda Embaie p\u00e5 bes\u00f6k p\u00e5 The Glass Factory\" aria-describedby=\"gallery-1-1790\" srcset=\"https:\/\/www.kalmarkonstmuseum.se\/designarkivet\/wp-content\/uploads\/sites\/4\/2022\/10\/img_20221006_115738-225x300.jpg 225w, https:\/\/www.kalmarkonstmuseum.se\/designarkivet\/wp-content\/uploads\/sites\/4\/2022\/10\/img_20221006_115738.jpg 768w\" sizes=\"auto, (max-width: 225px) 100vw, 225px\" \/><\/a>\n\t\t\t<\/div>\n\t\t\t\t<figcaption class='wp-caption-text gallery-caption' id='gallery-1-1790'>\n\t\t\t\tMakda Embaie p\u00e5 bes\u00f6k hos The Glass Factory\n\t\t\t\t<\/figcaption><\/figure>\n\t\t<\/div>\n\r\n","protected":false},"excerpt":{"rendered":"<p>Vad kan kopparna i v\u00e5ra sk\u00e5p ber\u00e4tta f\u00f6r oss? N\u00e4r anv\u00e4ndes de och hur hamnade de d\u00e4r? Vilka var de m\u00e4nniskor som s\u00e5lde serviser, men ocks\u00e5 tavlor genom att knacka d\u00f6rr? Under oktober var konstn\u00e4ren och poeten Makda Embaie p\u00e5 [&hellip;]<\/p>\n","protected":false},"author":66,"featured_media":1788,"comment_status":"closed","ping_status":"closed","sticky":false,"template":"","format":"standard","meta":{"_exactmetrics_skip_tracking":false,"_exactmetrics_sitenote_active":false,"_exactmetrics_sitenote_note":"","_exactmetrics_sitenote_category":0,"footnotes":""},"categories":[15],"tags":[],"class_list":["post-1787","post","type-post","status-publish","format-standard","has-post-thumbnail","hentry","category-nyheter"],"_links":{"self":[{"href":"https:\/\/www.kalmarkonstmuseum.se\/designarkivet\/wp-json\/wp\/v2\/posts\/1787","targetHints":{"allow":["GET"]}}],"collection":[{"href":"https:\/\/www.kalmarkonstmuseum.se\/designarkivet\/wp-json\/wp\/v2\/posts"}],"about":[{"href":"https:\/\/www.kalmarkonstmuseum.se\/designarkivet\/wp-json\/wp\/v2\/types\/post"}],"author":[{"embeddable":true,"href":"https:\/\/www.kalmarkonstmuseum.se\/designarkivet\/wp-json\/wp\/v2\/users\/66"}],"replies":[{"embeddable":true,"href":"https:\/\/www.kalmarkonstmuseum.se\/designarkivet\/wp-json\/wp\/v2\/comments?post=1787"}],"version-history":[{"count":9,"href":"https:\/\/www.kalmarkonstmuseum.se\/designarkivet\/wp-json\/wp\/v2\/posts\/1787\/revisions"}],"predecessor-version":[{"id":1800,"href":"https:\/\/www.kalmarkonstmuseum.se\/designarkivet\/wp-json\/wp\/v2\/posts\/1787\/revisions\/1800"}],"wp:featuredmedia":[{"embeddable":true,"href":"https:\/\/www.kalmarkonstmuseum.se\/designarkivet\/wp-json\/wp\/v2\/media\/1788"}],"wp:attachment":[{"href":"https:\/\/www.kalmarkonstmuseum.se\/designarkivet\/wp-json\/wp\/v2\/media?parent=1787"}],"wp:term":[{"taxonomy":"category","embeddable":true,"href":"https:\/\/www.kalmarkonstmuseum.se\/designarkivet\/wp-json\/wp\/v2\/categories?post=1787"},{"taxonomy":"post_tag","embeddable":true,"href":"https:\/\/www.kalmarkonstmuseum.se\/designarkivet\/wp-json\/wp\/v2\/tags?post=1787"}],"curies":[{"name":"wp","href":"https:\/\/api.w.org\/{rel}","templated":true}]}}