{"id":1816,"date":"2022-11-16T15:48:13","date_gmt":"2022-11-16T14:48:13","guid":{"rendered":"https:\/\/www.kalmarkonstmuseum.se\/designarkivet\/?p=1816"},"modified":"2024-01-26T13:25:30","modified_gmt":"2024-01-26T12:25:30","slug":"seminarium-imagine-elsewhere-a-day-for-re-thinking-design-museums","status":"publish","type":"post","link":"https:\/\/www.kalmarkonstmuseum.se\/designarkivet\/seminarium-imagine-elsewhere-a-day-for-re-thinking-design-museums\/","title":{"rendered":"SEMINARIUM: Imagine Elsewhere: A Day for Re-Thinking Design Museums"},"content":{"rendered":"<p>N\u00e4r: 29\/11, kl. 9.30-16.00<br \/>\nVar: Kulturparken Sm\u00e5land\/Zoom<\/p>\n<p>Varmt v\u00e4lkomna till ett seminarium som pr\u00f6var designmuseers roll idag och i framtiden!<\/p>\n<p><span data-offset-key=\"63khh-0-0\">Hur kan vi l\u00e4ra om och omforma designmuseipraxis och m\u00f6jligg\u00f6ra andra designhistorier? Under seminariet <a href=\"https:\/\/laraomarkivet.se\/kalender\/imagine-elsewhere-a-day-for-re-thinking-design-museums\/\"><em>Imagine Elsewhere: A Day for Re-Thinking Design Museums<\/em><\/a>, tisdag 29 november, delar flera nationella som internationella designpraktiker och forskare med sig av sina erfarenheter.<br \/>\n<\/span><\/p>\n<p>P\u00e5 seminariet deltar Lisa Baumgarten (Institute of Design Research), Michael Law Barrett (V\u00e4rldskulturmuseerna), Vanessa Zeissig (scenograf och forskare), Anja Neidhardt (Ume\u00e5 universitet), Christina Zetterlund (hantverks- och designhistoriker), Setareh Noorani (arkitekt och forskare), Anna Westman Kuhmunen (\u00c1jtte &#8211; Svenskt Fj\u00e4ll- och Samemuseum) och Sabrina Rahman (University of Exeter).<\/p>\n<p><!--more--><\/p>\n<p>Seminariet arrangeras av forskningsprojektet <em><a href=\"https:\/\/lnu.se\/forskning\/forskningsprojekt\/projekt-designhistoria-i-andra-geografier\/\">Designhistoria i andra geografier<\/a><\/em> (Linn\u00e9universitetet, finansierat av Riksantikvarie\u00e4mbetet), <em><a href=\"https:\/\/laraomarkivet.se\/\">L\u00e4ra om arkivet<\/a> <\/em>(Designarkivet, finansierat av Kulturr\u00e5det och Region Kalmar L\u00e4n) och forskningsprojektet <em><a href=\"https:\/\/www.umu.se\/forskning\/projekt\/att-omskapa-design-genom-feministiska-metoder-\/\">Att omskapa design genom feministiska metoder<\/a> <\/em>(Designh\u00f6gskolan och Genusforskarskolan vid Ume\u00e5 universitet).<\/p>\n<p>Arrangemanget h\u00e5lls p\u00e5 engelska, delta p\u00e5 plats hos Kulturparken Sm\u00e5land eller p\u00e5 l\u00e4nk!<br \/>\nAnm\u00e4l dig till <a href=\"mailto:christina.zetterlund@designarkivet.se\">christina.zetterlund@designarkivet.se<\/a>, ange om du vill delta p\u00e5 plats eller p\u00e5 l\u00e4nk och om du har s\u00e4rskilda matpreferenser.<\/p>\n<h3>PROGRAM<\/h3>\n<p><strong>9:30\u20139:45<\/strong><br \/>\n<strong>Check in and welcome<\/strong><\/p>\n<p><strong>9:45\u201310:15<\/strong><br \/>\n<strong>Lisa Baumgarten<\/strong><br \/>\n<strong>The Leftovers: Digesting Design Education<\/strong><\/p>\n<p>Lisa Baumgarten is a critical design mediator working in design, research, as writer and as teacher\/learner. She is the co-creator of the participatory research platform Teaching Design which focuses on design education from intersectional feminist perspectives. Since Oct 2022 Lisa is a guest professor at Studiengruppe Informationsdesign (Communication design) at Burg Giebichenstein, University of Art and Design Halle. Her current research focuses on design mediation as critical practice and the potentials and shortfalls of institutional critique within design study programs.<\/p>\n<p><strong>10:15\u201310:45<\/strong><br \/>\n<strong>Michael Law Barrett<\/strong><br \/>\n<strong>An Afropean Museum? Creolization and Care in Ethnography Collections<\/strong><\/p>\n<p>Michael Barrett is an anthropologist, researcher, and curator of the African collections at the National Museums of World Culture in Sweden. His research focuses on the history of the collections, as well as the representation of Africa and people of African descent in museums and other popular mediation practices.<\/p>\n<p><strong>10.45-11.00<\/strong><br \/>\n<strong>Break<\/strong><\/p>\n<p><strong>11:00\u201311:30<\/strong><br \/>\n<strong>Vanessa Zeissig<\/strong><br \/>\n<strong>The Failure of Literary Museums: Re-thinking Museum Transformation<\/strong><\/p>\n<p>Vanessa Zeissig holds a PhD at the intersection of scenography, design theory and museology. Her research focuses on the transformation of museums and the political dimension of scenography, space, and design from a feminist perspective. She is a research assistant for cultural education and diversity at the Institute for Cultural Policy at the University of Hildesheim.<\/p>\n<p><strong>11:30\u201312:00<\/strong><br \/>\n<strong>Anja Neidhardt<\/strong><br \/>\n<strong>Cultivating Metabolic Spaces for Matters of Care at Alternative Design Museums<\/strong><\/p>\n<p>Anja Neidhardt is a doctoral candidate at Ume\u00e5 Institute of Design and at Ume\u00e5 Centre for Gender Studies, both at Ume\u00e5 University, Sweden. Her PhD research project focuses on the question of how design museums can be disentangled from oppressive systems like patriarchy, so that they become able to support change towards more justice. Before starting her PhD in 2019, she worked as a design journalist and educator.<\/p>\n<p><strong>12:00\u201313:00<\/strong><br \/>\n<strong>Lunch<\/strong><\/p>\n<p><strong>13:00\u201313:30<\/strong><br \/>\n<strong>Christina Zetterlund<\/strong><br \/>\n<strong>Learning and Listening with Other Geographies<\/strong><\/p>\n<p>Christina Zetterlund is craft and design historian active as associate professor at Linneaus University (V\u00e4xj\u00f6, Sweden) and as free-lance curator and writer. She is working with history writing practices where craft and design become a lens for critically analysing social conditions.<\/p>\n<p><strong>13:30\u201314:00<\/strong><br \/>\n<strong>Setareh Noorani<\/strong><br \/>\n<strong>Collecting Otherwise \u2013 The Tool-shed: A Testing Ground for Tools and Methodologies<\/strong><\/p>\n<p>Setareh Noorani is an architect, researcher, zinester and is part of various experimental collectives. She uses various media in her projects and artistic contributions to explore ways of publicizing and embodying, questioning processes of trauma and time; always moving in the grey space between academic research and art.<\/p>\n<p><strong>14:00\u201314:15<\/strong><br \/>\n<strong>Fika<\/strong><\/p>\n<p><strong>14:15\u201314:45 <\/strong><br \/>\n<strong>Anna Westman Kuhmunen <\/strong><br \/>\n<strong>Making Spaces for Indigenous Archives<\/strong><\/p>\n<p>Anna Westman Kuhmunen is curator at \u00c1jtte, Swedish Mountain and Sami Museum in Jokkmokk Sweden and a PhD candidate at the department of History of Religions at Stockholm University. Her thesis is about Sami religion in 1670 to 1780 with a focus on lived religion and the religious practices of women.<\/p>\n<p><strong>14:45\u201315:15 <\/strong><br \/>\n<strong>Sabrina Rahman<\/strong><br \/>\n<strong>Race and Empire in the Design Museum: Working with Artists and Collections to Reframe the Global Nineteenth Century<\/strong><\/p>\n<p>Sabrina Rahman is an art and design historian whose research examines issues of diaspora and interior design in Britain, Central Europe, and South Asia of the nineteenth and twentieth centuries. She holds a PhD from the University of California, Berkeley, and has been a Lecturer in Art History and Visual Culture at the University of Exeter since 2016.<\/p>\n<p><strong>15:15\u201315:50<\/strong><br \/>\n<strong>Collective making with the participants in V\u00e4xj\u00f6<\/strong><\/p>\n<p><strong>15:50\u201316:00 <\/strong><br \/>\n<strong>Thank you and end of day<\/strong><\/p>\n<h3>Further Information<\/h3>\n<p>During the day we will serve coffee and tea. Please sign up for the seminar via e-mail to <a href=\"mailto:christina.zetterlund@designarkivet.se\">christina.zetterlund@designarkivet.se<\/a>, and let us know if you like to participate on location or via Zoom as well as if you have any food preferences. There is a limited number of seats for 40 participants on location in V\u00e4xj\u00f6.<\/p>\n<p>&nbsp;<\/p>\n<p>&nbsp;<\/p>\n<p>&nbsp;<\/p>\n","protected":false},"excerpt":{"rendered":"<p>N\u00e4r: 29\/11, kl. 9.30-16.00 Var: Kulturparken Sm\u00e5land\/Zoom Varmt v\u00e4lkomna till ett seminarium som pr\u00f6var designmuseers roll idag och i framtiden! Hur kan vi l\u00e4ra om och omforma designmuseipraxis och m\u00f6jligg\u00f6ra andra designhistorier? Under seminariet Imagine Elsewhere: A Day for Re-Thinking [&hellip;]<\/p>\n","protected":false},"author":66,"featured_media":1817,"comment_status":"closed","ping_status":"closed","sticky":false,"template":"","format":"standard","meta":{"_exactmetrics_skip_tracking":false,"_exactmetrics_sitenote_active":false,"_exactmetrics_sitenote_note":"","_exactmetrics_sitenote_category":0,"footnotes":""},"categories":[7],"tags":[],"class_list":["post-1816","post","type-post","status-publish","format-standard","has-post-thumbnail","hentry","category-evenemang"],"_links":{"self":[{"href":"https:\/\/www.kalmarkonstmuseum.se\/designarkivet\/wp-json\/wp\/v2\/posts\/1816","targetHints":{"allow":["GET"]}}],"collection":[{"href":"https:\/\/www.kalmarkonstmuseum.se\/designarkivet\/wp-json\/wp\/v2\/posts"}],"about":[{"href":"https:\/\/www.kalmarkonstmuseum.se\/designarkivet\/wp-json\/wp\/v2\/types\/post"}],"author":[{"embeddable":true,"href":"https:\/\/www.kalmarkonstmuseum.se\/designarkivet\/wp-json\/wp\/v2\/users\/66"}],"replies":[{"embeddable":true,"href":"https:\/\/www.kalmarkonstmuseum.se\/designarkivet\/wp-json\/wp\/v2\/comments?post=1816"}],"version-history":[{"count":7,"href":"https:\/\/www.kalmarkonstmuseum.se\/designarkivet\/wp-json\/wp\/v2\/posts\/1816\/revisions"}],"predecessor-version":[{"id":1824,"href":"https:\/\/www.kalmarkonstmuseum.se\/designarkivet\/wp-json\/wp\/v2\/posts\/1816\/revisions\/1824"}],"wp:featuredmedia":[{"embeddable":true,"href":"https:\/\/www.kalmarkonstmuseum.se\/designarkivet\/wp-json\/wp\/v2\/media\/1817"}],"wp:attachment":[{"href":"https:\/\/www.kalmarkonstmuseum.se\/designarkivet\/wp-json\/wp\/v2\/media?parent=1816"}],"wp:term":[{"taxonomy":"category","embeddable":true,"href":"https:\/\/www.kalmarkonstmuseum.se\/designarkivet\/wp-json\/wp\/v2\/categories?post=1816"},{"taxonomy":"post_tag","embeddable":true,"href":"https:\/\/www.kalmarkonstmuseum.se\/designarkivet\/wp-json\/wp\/v2\/tags?post=1816"}],"curies":[{"name":"wp","href":"https:\/\/api.w.org\/{rel}","templated":true}]}}