{"id":1849,"date":"2023-04-11T10:56:51","date_gmt":"2023-04-11T08:56:51","guid":{"rendered":"https:\/\/www.kalmarkonstmuseum.se\/designarkivet\/?p=1849"},"modified":"2024-01-30T13:34:45","modified_gmt":"2024-01-30T12:34:45","slug":"har-omkring-en-utstallning-om-lokala-och-globala-designhistorier-fran-smaland","status":"publish","type":"post","link":"https:\/\/www.kalmarkonstmuseum.se\/designarkivet\/har-omkring-en-utstallning-om-lokala-och-globala-designhistorier-fran-smaland\/","title":{"rendered":"H\u00e4r omkring"},"content":{"rendered":"<p>13\/5\u201327\/8, 2023<br \/>\nPukebergsomr\u00e5dets utst\u00e4llningshall, Nybro<\/p>\n<p><strong>Designarkivet skriver designhistoria som du aldrig sett det skrivas f\u00f6rut! I utst\u00e4llningen <em>H\u00e4r omkring <\/em>stiger Designarkivet \u00e5t sidan och ger plats \u00e5t de sm\u00e5l\u00e4ndska ber\u00e4ttelser om design och hantverk som <em>inte<\/em> finns i arkivets samling.<\/strong><\/p>\n<p>Gl\u00f6dritade tr\u00e4tavlor och fantastiskt konstglas, en finservis resa fr\u00e5n Polen till ett vitrinsk\u00e5p i H\u00f6gsby, en sm\u00e5l\u00e4ndsk-irakisk ber\u00e4ttelse om ett spektakul\u00e4rt hotell, personliga formspr\u00e5k i tr\u00e5dtjack, industrinormbrytande m\u00f6bler i skadat tr\u00e4, sm\u00e5l\u00e4ndska ber\u00e4ttelser om ett romanifolk, m\u00f6belornament f\u00f6r alla, lappade vardagstextilier, kartl\u00e4ggningar av barns platser, glasarbetare som skriver sin egen historia och v\u00e4vstugans inneh\u00e5ll och kreativitet\u2013 allt ber\u00e4ttar om design och allt finns h\u00e4r omkring, i Sm\u00e5land.<\/p>\n<p><em>H\u00e4r omkring<\/em> handlar om de m\u00e5nga olika hantverks- och designhistorier som finns i Sm\u00e5land. Utst\u00e4llningen ber\u00e4ttar om design och hantverk i en vid mening \u2013 om design och hantverk som handlar om att forma vardagar, design och hantverk som inte \u00e4r knutet till k\u00f6pkraft, produkter och abstrakta uppfattningar om fint och fult. I utst\u00e4llningen visas ett axplock av Designarkivets omf\u00e5ngsrika samling av konstn\u00e4rliga processer, men framf\u00f6r allt stiger Designarkivet \u00e5t sidan f\u00f6r att ge plats \u00e5t en m\u00e5ngfald av ber\u00e4ttelser som tidigare inte varit synliga i designhistorieskrivningen.<\/p>\n<p>Historiskt har v\u00e4ldigt lite designhistoria skrivits utifr\u00e5n Sm\u00e5land trots att en hel del av den svenska designen har producerats h\u00e4r, bland annat genom framg\u00e5ngsrika glas- och m\u00f6belindustrier. Designhistorien har ist\u00e4llet formulerats och best\u00e4mts fr\u00e5n storst\u00e4dernas institutioner, museum och universitet. Liknande strukturer speglas \u00e4ven i Designarkivets samling, en samling som utg\u00e5r fr\u00e5n den enskilde professionella formgivarens designprocesser och produkter. Utst\u00e4llningen <em>H\u00e4r omkring<\/em> handlar ist\u00e4llet om design och hantverk som idag finns hos civilsamh\u00e4llet, p\u00e5 hembygdsg\u00e5rdar, i museer och hos lokala historiska n\u00e4tverk. Tillsammans skriver vi hantverks- och designhistoria med hela Sm\u00e5land \u2013 en brokig historia om olika vardagar, om materialkunskaper och hantverk och om livet i bygderna.<\/p>\n<p>\u00ad\u00ad\u00ad\u00ad\u00ad\u00ad\u00ad\u00ad\u00ad\u00ad\u00ad\u00ad\u00ad\u00ad\u00adUtst\u00e4llningen \u00e4r producerad av Designarkivet och sammanfattar det tre\u00e5riga utvecklingsprojektet <a href=\"https:\/\/laraomarkivet.se\/\"><em>L\u00e4ra om arkivet<\/em><\/a> som drivs av Christina Zetterlund, hantverks- och designhistoriker, som ocks\u00e5 \u00e4r utst\u00e4llningens curator.<\/p>\n<h3>VERNISSAGE 13 MAJ KL.13.00<strong><br \/>\n<\/strong><\/h3>\n<h3>MEDVERKANDE<\/h3>\n<p>Magnus B\u00e4rt\u00e5s &amp; Behzad Khosravi Noori, D\u00e4desj\u00f6 Hembygdsf\u00f6rening, Annika Elmqvist, Makda Embaie, Frantzwagner S\u00e4llskapet, H\u00f6nsalottas Luffarmuseum, Aron Johansson, Kalmar L\u00e4ns Hemsl\u00f6jd, MADAM snickeri och restaurering, Evelina Mohei, Tuomo Nieminen, Ann Rydh, Sandsj\u00f6 Hembygdf\u00f6rening, Studio Goja, Rosa Tolnov Clausen &amp; Daniele Burlando<\/p>\n<p>L\u00e4s mer om <a href=\"https:\/\/laraomarkivet.se\/category\/projekt\/har-omkring\/\"><i>H\u00e4r omkring<\/i><\/a> och utst\u00e4llningens medverkande<\/p>\n<h3>\u00d6PPETTIDER<\/h3>\n<p>13\/5\u201318\/6<strong><br \/>\n<\/strong>L\u00f6rdag &#8211; s\u00f6ndag, kl. 12\u201316<\/p>\n<p>21\/6\u201327\/8<br \/>\nOnsdag &#8211; s\u00f6ndag, kl.12\u201316<\/p>\n<p><a href=\"https:\/\/goo.gl\/maps\/K2aYDpNL11jWupsSA?coh=178573&amp;entry=tt\">Hitta hit<\/a><\/p>\n<p style=\"font-size: 12px;\"><em>L\u00e4ra om arkivet<\/em> \u00e4r ett tre\u00e5rigt utvecklingsprojekt som drivs av Designarkivet och finansieras av Statens kulturr\u00e5d och Region Kalmar l\u00e4n. Projektet har utvecklat och testat en metod f\u00f6r hur vi kan vidga designhistorieskrivningen genom en inkluderande, lyssnande och l\u00e4rande praktik. L\u00e4ra om arkivet \u00e4r en del i Designarkivets l\u00e5ngsiktiga arbete att \u00f6ppna upp arkivet f\u00f6r en allm\u00e4n publik.<\/p>\n<p style=\"font-size: 12px;\">Christina Zetterlund, projektledare i <em>L\u00e4ra om arkivet<\/em>, \u00e4r hantverks- och designhistoriker verksam som pedagog, curator och forskare.<\/p>\n<h3>KATALOG<\/h3>\n<table>\n<tbody>\n<tr>\n<td>\n<p><div id=\"attachment_1904\" style=\"width: 215px\" class=\"wp-caption alignnone\"><a href=\"https:\/\/www.kalmarkonstmuseum.se\/designarkivet\/wp-content\/uploads\/sites\/4\/2023\/06\/lara-om-arkivet.pdf\"><img loading=\"lazy\" decoding=\"async\" aria-describedby=\"caption-attachment-1904\" class=\"wp-image-1904 size-medium\" src=\"https:\/\/www.kalmarkonstmuseum.se\/designarkivet\/wp-content\/uploads\/sites\/4\/2023\/06\/omslag-205x300.png\" alt=\"\" width=\"205\" height=\"300\" srcset=\"https:\/\/www.kalmarkonstmuseum.se\/designarkivet\/wp-content\/uploads\/sites\/4\/2023\/06\/omslag-205x300.png 205w, https:\/\/www.kalmarkonstmuseum.se\/designarkivet\/wp-content\/uploads\/sites\/4\/2023\/06\/omslag-698x1024.png 698w, https:\/\/www.kalmarkonstmuseum.se\/designarkivet\/wp-content\/uploads\/sites\/4\/2023\/06\/omslag.png 707w\" sizes=\"auto, (max-width: 205px) 100vw, 205px\" \/><\/a><p id=\"caption-attachment-1904\" class=\"wp-caption-text\">L\u00e4s mer om <a href=\"https:\/\/www.kalmarkonstmuseum.se\/designarkivet\/wp-content\/uploads\/sites\/4\/2023\/06\/lara-om-arkivet.pdf\">L\u00e4ra <i>om<\/i> arkivet<\/a>, projektet bakom <i>H\u00e4r omkring<\/i><\/p><\/div><\/td>\n<\/tr>\n<\/tbody>\n<\/table>\n<h3>GALLERI<\/h3>\n<p>foto: Andr\u00e9 Lindahl<strong><br \/>\n<\/strong><\/p>\n<div id='gallery-1' class='gallery galleryid-1849 gallery-columns-2 gallery-size-medium'><figure class='gallery-item'>\n\t\t\t<div class='gallery-icon landscape'>\n\t\t\t\t<a href='https:\/\/www.kalmarkonstmuseum.se\/designarkivet\/har-omkring-en-utstallning-om-lokala-och-globala-designhistorier-fran-smaland\/haromkring-7\/'><img loading=\"lazy\" decoding=\"async\" width=\"300\" height=\"200\" src=\"https:\/\/www.kalmarkonstmuseum.se\/designarkivet\/wp-content\/uploads\/sites\/4\/2023\/04\/haromkring-7-300x200.jpg\" class=\"attachment-medium size-medium\" alt=\"\" aria-describedby=\"gallery-1-1963\" srcset=\"https:\/\/www.kalmarkonstmuseum.se\/designarkivet\/wp-content\/uploads\/sites\/4\/2023\/04\/haromkring-7-300x200.jpg 300w, https:\/\/www.kalmarkonstmuseum.se\/designarkivet\/wp-content\/uploads\/sites\/4\/2023\/04\/haromkring-7-1024x683.jpg 1024w, https:\/\/www.kalmarkonstmuseum.se\/designarkivet\/wp-content\/uploads\/sites\/4\/2023\/04\/haromkring-7-768x512.jpg 768w, https:\/\/www.kalmarkonstmuseum.se\/designarkivet\/wp-content\/uploads\/sites\/4\/2023\/04\/haromkring-7-1536x1024.jpg 1536w, https:\/\/www.kalmarkonstmuseum.se\/designarkivet\/wp-content\/uploads\/sites\/4\/2023\/04\/haromkring-7-2048x1365.jpg 2048w\" sizes=\"auto, (max-width: 300px) 100vw, 300px\" \/><\/a>\n\t\t\t<\/div>\n\t\t\t\t<figcaption class='wp-caption-text gallery-caption' id='gallery-1-1963'>\n\t\t\t\tSm\u00e5landskarta, Evelina Mohei, 2021<br><i>Tack skogen!<\/i>, b\u00e4nk, MADAM snickeri &#038; restaurering, 2022\n\t\t\t\t<\/figcaption><\/figure><figure class='gallery-item'>\n\t\t\t<div class='gallery-icon landscape'>\n\t\t\t\t<a href='https:\/\/www.kalmarkonstmuseum.se\/designarkivet\/har-omkring-en-utstallning-om-lokala-och-globala-designhistorier-fran-smaland\/haromkring-73\/'><img loading=\"lazy\" decoding=\"async\" width=\"300\" height=\"193\" src=\"https:\/\/www.kalmarkonstmuseum.se\/designarkivet\/wp-content\/uploads\/sites\/4\/2023\/04\/haromkring-73-300x193.jpg\" class=\"attachment-medium size-medium\" alt=\"\" aria-describedby=\"gallery-1-1962\" srcset=\"https:\/\/www.kalmarkonstmuseum.se\/designarkivet\/wp-content\/uploads\/sites\/4\/2023\/04\/haromkring-73-300x193.jpg 300w, https:\/\/www.kalmarkonstmuseum.se\/designarkivet\/wp-content\/uploads\/sites\/4\/2023\/04\/haromkring-73-1024x658.jpg 1024w, https:\/\/www.kalmarkonstmuseum.se\/designarkivet\/wp-content\/uploads\/sites\/4\/2023\/04\/haromkring-73-768x493.jpg 768w, https:\/\/www.kalmarkonstmuseum.se\/designarkivet\/wp-content\/uploads\/sites\/4\/2023\/04\/haromkring-73-1536x986.jpg 1536w, https:\/\/www.kalmarkonstmuseum.se\/designarkivet\/wp-content\/uploads\/sites\/4\/2023\/04\/haromkring-73-2048x1315.jpg 2048w\" sizes=\"auto, (max-width: 300px) 100vw, 300px\" \/><\/a>\n\t\t\t<\/div>\n\t\t\t\t<figcaption class='wp-caption-text gallery-caption' id='gallery-1-1962'>\n\t\t\t\t<i>br\u00e4v<\/i>, tidskrift, Rosa Tolnov Clausen, Daniele Burlando, 2023<br>Karta \u00f6ver v\u00e4vstugor i Sm\u00e5land, Ann Rydh och lokala v\u00e4vstugor, 2023\n\t\t\t\t<\/figcaption><\/figure><figure class='gallery-item'>\n\t\t\t<div class='gallery-icon landscape'>\n\t\t\t\t<a href='https:\/\/www.kalmarkonstmuseum.se\/designarkivet\/har-omkring-en-utstallning-om-lokala-och-globala-designhistorier-fran-smaland\/haromkring-70\/'><img loading=\"lazy\" decoding=\"async\" width=\"300\" height=\"200\" src=\"https:\/\/www.kalmarkonstmuseum.se\/designarkivet\/wp-content\/uploads\/sites\/4\/2023\/04\/haromkring-70-300x200.jpg\" class=\"attachment-medium size-medium\" alt=\"\" aria-describedby=\"gallery-1-1961\" srcset=\"https:\/\/www.kalmarkonstmuseum.se\/designarkivet\/wp-content\/uploads\/sites\/4\/2023\/04\/haromkring-70-300x200.jpg 300w, https:\/\/www.kalmarkonstmuseum.se\/designarkivet\/wp-content\/uploads\/sites\/4\/2023\/04\/haromkring-70-1024x683.jpg 1024w, https:\/\/www.kalmarkonstmuseum.se\/designarkivet\/wp-content\/uploads\/sites\/4\/2023\/04\/haromkring-70-768x512.jpg 768w, https:\/\/www.kalmarkonstmuseum.se\/designarkivet\/wp-content\/uploads\/sites\/4\/2023\/04\/haromkring-70-1536x1024.jpg 1536w, https:\/\/www.kalmarkonstmuseum.se\/designarkivet\/wp-content\/uploads\/sites\/4\/2023\/04\/haromkring-70-2048x1365.jpg 2048w\" sizes=\"auto, (max-width: 300px) 100vw, 300px\" \/><\/a>\n\t\t\t<\/div>\n\t\t\t\t<figcaption class='wp-caption-text gallery-caption' id='gallery-1-1961'>\n\t\t\t\tS\u00f6lning och pyrofrafi av Tuomo Nieminen\n\t\t\t\t<\/figcaption><\/figure><figure class='gallery-item'>\n\t\t\t<div class='gallery-icon landscape'>\n\t\t\t\t<a href='https:\/\/www.kalmarkonstmuseum.se\/designarkivet\/har-omkring-en-utstallning-om-lokala-och-globala-designhistorier-fran-smaland\/haromkring-67\/'><img loading=\"lazy\" decoding=\"async\" width=\"300\" height=\"200\" src=\"https:\/\/www.kalmarkonstmuseum.se\/designarkivet\/wp-content\/uploads\/sites\/4\/2023\/04\/haromkring-67-300x200.jpg\" class=\"attachment-medium size-medium\" alt=\"\" aria-describedby=\"gallery-1-1960\" srcset=\"https:\/\/www.kalmarkonstmuseum.se\/designarkivet\/wp-content\/uploads\/sites\/4\/2023\/04\/haromkring-67-300x200.jpg 300w, https:\/\/www.kalmarkonstmuseum.se\/designarkivet\/wp-content\/uploads\/sites\/4\/2023\/04\/haromkring-67-1024x683.jpg 1024w, https:\/\/www.kalmarkonstmuseum.se\/designarkivet\/wp-content\/uploads\/sites\/4\/2023\/04\/haromkring-67-768x512.jpg 768w, https:\/\/www.kalmarkonstmuseum.se\/designarkivet\/wp-content\/uploads\/sites\/4\/2023\/04\/haromkring-67-1536x1024.jpg 1536w, https:\/\/www.kalmarkonstmuseum.se\/designarkivet\/wp-content\/uploads\/sites\/4\/2023\/04\/haromkring-67-2048x1365.jpg 2048w\" sizes=\"auto, (max-width: 300px) 100vw, 300px\" \/><\/a>\n\t\t\t<\/div>\n\t\t\t\t<figcaption class='wp-caption-text gallery-caption' id='gallery-1-1960'>\n\t\t\t\tS\u00f6lning av Tuomo Nieminen\n\t\t\t\t<\/figcaption><\/figure><figure class='gallery-item'>\n\t\t\t<div class='gallery-icon landscape'>\n\t\t\t\t<a href='https:\/\/www.kalmarkonstmuseum.se\/designarkivet\/har-omkring-en-utstallning-om-lokala-och-globala-designhistorier-fran-smaland\/haromkring-61\/'><img loading=\"lazy\" decoding=\"async\" width=\"300\" height=\"200\" src=\"https:\/\/www.kalmarkonstmuseum.se\/designarkivet\/wp-content\/uploads\/sites\/4\/2023\/04\/haromkring-61-300x200.jpg\" class=\"attachment-medium size-medium\" alt=\"\" aria-describedby=\"gallery-1-1959\" srcset=\"https:\/\/www.kalmarkonstmuseum.se\/designarkivet\/wp-content\/uploads\/sites\/4\/2023\/04\/haromkring-61-300x200.jpg 300w, https:\/\/www.kalmarkonstmuseum.se\/designarkivet\/wp-content\/uploads\/sites\/4\/2023\/04\/haromkring-61-1024x683.jpg 1024w, https:\/\/www.kalmarkonstmuseum.se\/designarkivet\/wp-content\/uploads\/sites\/4\/2023\/04\/haromkring-61-768x512.jpg 768w, https:\/\/www.kalmarkonstmuseum.se\/designarkivet\/wp-content\/uploads\/sites\/4\/2023\/04\/haromkring-61-1536x1024.jpg 1536w, https:\/\/www.kalmarkonstmuseum.se\/designarkivet\/wp-content\/uploads\/sites\/4\/2023\/04\/haromkring-61-2048x1365.jpg 2048w\" sizes=\"auto, (max-width: 300px) 100vw, 300px\" \/><\/a>\n\t\t\t<\/div>\n\t\t\t\t<figcaption class='wp-caption-text gallery-caption' id='gallery-1-1959'>\n\t\t\t\tDe Resandes kulturarv i Sm\u00e5land, forskning av Frantzwagner S\u00e4llskapet\n\t\t\t\t<\/figcaption><\/figure><figure class='gallery-item'>\n\t\t\t<div class='gallery-icon landscape'>\n\t\t\t\t<a href='https:\/\/www.kalmarkonstmuseum.se\/designarkivet\/har-omkring-en-utstallning-om-lokala-och-globala-designhistorier-fran-smaland\/haromkring-54\/'><img loading=\"lazy\" decoding=\"async\" width=\"300\" height=\"200\" src=\"https:\/\/www.kalmarkonstmuseum.se\/designarkivet\/wp-content\/uploads\/sites\/4\/2023\/04\/haromkring-54-300x200.jpg\" class=\"attachment-medium size-medium\" alt=\"\" aria-describedby=\"gallery-1-1957\" srcset=\"https:\/\/www.kalmarkonstmuseum.se\/designarkivet\/wp-content\/uploads\/sites\/4\/2023\/04\/haromkring-54-300x200.jpg 300w, https:\/\/www.kalmarkonstmuseum.se\/designarkivet\/wp-content\/uploads\/sites\/4\/2023\/04\/haromkring-54-1024x683.jpg 1024w, https:\/\/www.kalmarkonstmuseum.se\/designarkivet\/wp-content\/uploads\/sites\/4\/2023\/04\/haromkring-54-768x512.jpg 768w, https:\/\/www.kalmarkonstmuseum.se\/designarkivet\/wp-content\/uploads\/sites\/4\/2023\/04\/haromkring-54-1536x1024.jpg 1536w, https:\/\/www.kalmarkonstmuseum.se\/designarkivet\/wp-content\/uploads\/sites\/4\/2023\/04\/haromkring-54-2048x1365.jpg 2048w\" sizes=\"auto, (max-width: 300px) 100vw, 300px\" \/><\/a>\n\t\t\t<\/div>\n\t\t\t\t<figcaption class='wp-caption-text gallery-caption' id='gallery-1-1957'>\n\t\t\t\t<i>Om g\u00e4stfrihet<\/i><br>Magnus B\u00e4rt\u00e5s &#038; Behzad Khosravi Noori, 2023\n\t\t\t\t<\/figcaption><\/figure><figure class='gallery-item'>\n\t\t\t<div class='gallery-icon landscape'>\n\t\t\t\t<a href='https:\/\/www.kalmarkonstmuseum.se\/designarkivet\/har-omkring-en-utstallning-om-lokala-och-globala-designhistorier-fran-smaland\/haromkring-42\/'><img loading=\"lazy\" decoding=\"async\" width=\"300\" height=\"200\" src=\"https:\/\/www.kalmarkonstmuseum.se\/designarkivet\/wp-content\/uploads\/sites\/4\/2023\/04\/haromkring-42-300x200.jpg\" class=\"attachment-medium size-medium\" alt=\"\" aria-describedby=\"gallery-1-1956\" srcset=\"https:\/\/www.kalmarkonstmuseum.se\/designarkivet\/wp-content\/uploads\/sites\/4\/2023\/04\/haromkring-42-300x200.jpg 300w, https:\/\/www.kalmarkonstmuseum.se\/designarkivet\/wp-content\/uploads\/sites\/4\/2023\/04\/haromkring-42-1024x683.jpg 1024w, https:\/\/www.kalmarkonstmuseum.se\/designarkivet\/wp-content\/uploads\/sites\/4\/2023\/04\/haromkring-42-768x512.jpg 768w, https:\/\/www.kalmarkonstmuseum.se\/designarkivet\/wp-content\/uploads\/sites\/4\/2023\/04\/haromkring-42-1536x1024.jpg 1536w, https:\/\/www.kalmarkonstmuseum.se\/designarkivet\/wp-content\/uploads\/sites\/4\/2023\/04\/haromkring-42-2048x1365.jpg 2048w\" sizes=\"auto, (max-width: 300px) 100vw, 300px\" \/><\/a>\n\t\t\t<\/div>\n\t\t\t\t<figcaption class='wp-caption-text gallery-caption' id='gallery-1-1956'>\n\t\t\t\tAxplock ur Designarkivets samling\n\t\t\t\t<\/figcaption><\/figure><figure class='gallery-item'>\n\t\t\t<div class='gallery-icon landscape'>\n\t\t\t\t<a href='https:\/\/www.kalmarkonstmuseum.se\/designarkivet\/har-omkring-en-utstallning-om-lokala-och-globala-designhistorier-fran-smaland\/haromkring-32\/'><img loading=\"lazy\" decoding=\"async\" width=\"300\" height=\"200\" src=\"https:\/\/www.kalmarkonstmuseum.se\/designarkivet\/wp-content\/uploads\/sites\/4\/2023\/04\/haromkring-32-300x200.jpg\" class=\"attachment-medium size-medium\" alt=\"\" aria-describedby=\"gallery-1-1955\" srcset=\"https:\/\/www.kalmarkonstmuseum.se\/designarkivet\/wp-content\/uploads\/sites\/4\/2023\/04\/haromkring-32-300x200.jpg 300w, https:\/\/www.kalmarkonstmuseum.se\/designarkivet\/wp-content\/uploads\/sites\/4\/2023\/04\/haromkring-32-1024x683.jpg 1024w, https:\/\/www.kalmarkonstmuseum.se\/designarkivet\/wp-content\/uploads\/sites\/4\/2023\/04\/haromkring-32-768x512.jpg 768w, https:\/\/www.kalmarkonstmuseum.se\/designarkivet\/wp-content\/uploads\/sites\/4\/2023\/04\/haromkring-32-1536x1024.jpg 1536w, https:\/\/www.kalmarkonstmuseum.se\/designarkivet\/wp-content\/uploads\/sites\/4\/2023\/04\/haromkring-32-2048x1365.jpg 2048w\" sizes=\"auto, (max-width: 300px) 100vw, 300px\" \/><\/a>\n\t\t\t<\/div>\n\t\t\t\t<figcaption class='wp-caption-text gallery-caption' id='gallery-1-1955'>\n\t\t\t\t<i>Koppars geografi<\/i><br>Makda Embaie, 2023\n\t\t\t\t<\/figcaption><\/figure><figure class='gallery-item'>\n\t\t\t<div class='gallery-icon landscape'>\n\t\t\t\t<a href='https:\/\/www.kalmarkonstmuseum.se\/designarkivet\/har-omkring-en-utstallning-om-lokala-och-globala-designhistorier-fran-smaland\/haromkring-24\/'><img loading=\"lazy\" decoding=\"async\" width=\"300\" height=\"200\" src=\"https:\/\/www.kalmarkonstmuseum.se\/designarkivet\/wp-content\/uploads\/sites\/4\/2023\/04\/haromkring-24-300x200.jpg\" class=\"attachment-medium size-medium\" alt=\"\" aria-describedby=\"gallery-1-1954\" srcset=\"https:\/\/www.kalmarkonstmuseum.se\/designarkivet\/wp-content\/uploads\/sites\/4\/2023\/04\/haromkring-24-300x200.jpg 300w, https:\/\/www.kalmarkonstmuseum.se\/designarkivet\/wp-content\/uploads\/sites\/4\/2023\/04\/haromkring-24-1024x683.jpg 1024w, https:\/\/www.kalmarkonstmuseum.se\/designarkivet\/wp-content\/uploads\/sites\/4\/2023\/04\/haromkring-24-768x512.jpg 768w, https:\/\/www.kalmarkonstmuseum.se\/designarkivet\/wp-content\/uploads\/sites\/4\/2023\/04\/haromkring-24-1536x1024.jpg 1536w, https:\/\/www.kalmarkonstmuseum.se\/designarkivet\/wp-content\/uploads\/sites\/4\/2023\/04\/haromkring-24-2048x1365.jpg 2048w\" sizes=\"auto, (max-width: 300px) 100vw, 300px\" \/><\/a>\n\t\t\t<\/div>\n\t\t\t\t<figcaption class='wp-caption-text gallery-caption' id='gallery-1-1954'>\n\t\t\t\tEn hyllning till det historieskrivande projektet <i>I glasriket &#8211; m\u00e4nniskan, milj\u00f6n, framtiden<\/i><br>Annika Elmqvist, 2019\n\t\t\t\t<\/figcaption><\/figure><figure class='gallery-item'>\n\t\t\t<div class='gallery-icon landscape'>\n\t\t\t\t<a href='https:\/\/www.kalmarkonstmuseum.se\/designarkivet\/har-omkring-en-utstallning-om-lokala-och-globala-designhistorier-fran-smaland\/haromkring-18\/'><img loading=\"lazy\" decoding=\"async\" width=\"300\" height=\"200\" src=\"https:\/\/www.kalmarkonstmuseum.se\/designarkivet\/wp-content\/uploads\/sites\/4\/2023\/04\/haromkring-18-300x200.jpg\" class=\"attachment-medium size-medium\" alt=\"\" aria-describedby=\"gallery-1-1953\" srcset=\"https:\/\/www.kalmarkonstmuseum.se\/designarkivet\/wp-content\/uploads\/sites\/4\/2023\/04\/haromkring-18-300x200.jpg 300w, https:\/\/www.kalmarkonstmuseum.se\/designarkivet\/wp-content\/uploads\/sites\/4\/2023\/04\/haromkring-18-1024x683.jpg 1024w, https:\/\/www.kalmarkonstmuseum.se\/designarkivet\/wp-content\/uploads\/sites\/4\/2023\/04\/haromkring-18-768x512.jpg 768w, https:\/\/www.kalmarkonstmuseum.se\/designarkivet\/wp-content\/uploads\/sites\/4\/2023\/04\/haromkring-18-1536x1024.jpg 1536w, https:\/\/www.kalmarkonstmuseum.se\/designarkivet\/wp-content\/uploads\/sites\/4\/2023\/04\/haromkring-18-2048x1365.jpg 2048w\" sizes=\"auto, (max-width: 300px) 100vw, 300px\" \/><\/a>\n\t\t\t<\/div>\n\t\t\t\t<figcaption class='wp-caption-text gallery-caption' id='gallery-1-1953'>\n\t\t\t\tF\u00f6rlagor till m\u00f6belornament fr\u00e5n Sandsj\u00f6 Hembygdsf\u00f6rening i Bodafors\n\t\t\t\t<\/figcaption><\/figure><figure class='gallery-item'>\n\t\t\t<div class='gallery-icon landscape'>\n\t\t\t\t<a href='https:\/\/www.kalmarkonstmuseum.se\/designarkivet\/har-omkring-en-utstallning-om-lokala-och-globala-designhistorier-fran-smaland\/haromkring-12\/'><img loading=\"lazy\" decoding=\"async\" width=\"300\" height=\"200\" src=\"https:\/\/www.kalmarkonstmuseum.se\/designarkivet\/wp-content\/uploads\/sites\/4\/2023\/04\/haromkring-12-300x200.jpg\" class=\"attachment-medium size-medium\" alt=\"\" aria-describedby=\"gallery-1-1951\" srcset=\"https:\/\/www.kalmarkonstmuseum.se\/designarkivet\/wp-content\/uploads\/sites\/4\/2023\/04\/haromkring-12-300x200.jpg 300w, https:\/\/www.kalmarkonstmuseum.se\/designarkivet\/wp-content\/uploads\/sites\/4\/2023\/04\/haromkring-12-1024x683.jpg 1024w, https:\/\/www.kalmarkonstmuseum.se\/designarkivet\/wp-content\/uploads\/sites\/4\/2023\/04\/haromkring-12-768x512.jpg 768w, https:\/\/www.kalmarkonstmuseum.se\/designarkivet\/wp-content\/uploads\/sites\/4\/2023\/04\/haromkring-12-1536x1024.jpg 1536w, https:\/\/www.kalmarkonstmuseum.se\/designarkivet\/wp-content\/uploads\/sites\/4\/2023\/04\/haromkring-12-2048x1365.jpg 2048w\" sizes=\"auto, (max-width: 300px) 100vw, 300px\" \/><\/a>\n\t\t\t<\/div>\n\t\t\t\t<figcaption class='wp-caption-text gallery-caption' id='gallery-1-1951'>\n\t\t\t\tLuffarsl\u00f6jd, &#8221;tr\u00e5dtjack&#8221;, fr\u00e5n H\u00f6nsalottas Luffarmuseum\n\t\t\t\t<\/figcaption><\/figure><figure class='gallery-item'>\n\t\t\t<div class='gallery-icon portrait'>\n\t\t\t\t<a href='https:\/\/www.kalmarkonstmuseum.se\/designarkivet\/har-omkring-en-utstallning-om-lokala-och-globala-designhistorier-fran-smaland\/haromkring-15\/'><img loading=\"lazy\" decoding=\"async\" width=\"200\" height=\"300\" src=\"https:\/\/www.kalmarkonstmuseum.se\/designarkivet\/wp-content\/uploads\/sites\/4\/2023\/04\/haromkring-15-200x300.jpg\" class=\"attachment-medium size-medium\" alt=\"\" aria-describedby=\"gallery-1-1952\" srcset=\"https:\/\/www.kalmarkonstmuseum.se\/designarkivet\/wp-content\/uploads\/sites\/4\/2023\/04\/haromkring-15-200x300.jpg 200w, https:\/\/www.kalmarkonstmuseum.se\/designarkivet\/wp-content\/uploads\/sites\/4\/2023\/04\/haromkring-15-683x1024.jpg 683w, https:\/\/www.kalmarkonstmuseum.se\/designarkivet\/wp-content\/uploads\/sites\/4\/2023\/04\/haromkring-15-768x1152.jpg 768w, https:\/\/www.kalmarkonstmuseum.se\/designarkivet\/wp-content\/uploads\/sites\/4\/2023\/04\/haromkring-15-1024x1536.jpg 1024w, https:\/\/www.kalmarkonstmuseum.se\/designarkivet\/wp-content\/uploads\/sites\/4\/2023\/04\/haromkring-15-1365x2048.jpg 1365w, https:\/\/www.kalmarkonstmuseum.se\/designarkivet\/wp-content\/uploads\/sites\/4\/2023\/04\/haromkring-15-scaled.jpg 1707w\" sizes=\"auto, (max-width: 200px) 100vw, 200px\" \/><\/a>\n\t\t\t<\/div>\n\t\t\t\t<figcaption class='wp-caption-text gallery-caption' id='gallery-1-1952'>\n\t\t\t\tVardagstextiler fr\u00e5n D\u00e4desj\u00f6 Hembygdsf\u00f6rening\n\t\t\t\t<\/figcaption><\/figure>\n\t\t<\/div>\n\n","protected":false},"excerpt":{"rendered":"<p>13\/5\u201327\/8, 2023 Pukebergsomr\u00e5dets utst\u00e4llningshall, Nybro Designarkivet skriver designhistoria som du aldrig sett det skrivas f\u00f6rut! I utst\u00e4llningen H\u00e4r omkring stiger Designarkivet \u00e5t sidan och ger plats \u00e5t de sm\u00e5l\u00e4ndska ber\u00e4ttelser om design och hantverk som inte finns i arkivets samling. [&hellip;]<\/p>\n","protected":false},"author":66,"featured_media":1850,"comment_status":"closed","ping_status":"closed","sticky":false,"template":"","format":"standard","meta":{"_exactmetrics_skip_tracking":false,"_exactmetrics_sitenote_active":false,"_exactmetrics_sitenote_note":"","_exactmetrics_sitenote_category":0,"footnotes":""},"categories":[9],"tags":[],"class_list":["post-1849","post","type-post","status-publish","format-standard","has-post-thumbnail","hentry","category-utstallningar"],"_links":{"self":[{"href":"https:\/\/www.kalmarkonstmuseum.se\/designarkivet\/wp-json\/wp\/v2\/posts\/1849","targetHints":{"allow":["GET"]}}],"collection":[{"href":"https:\/\/www.kalmarkonstmuseum.se\/designarkivet\/wp-json\/wp\/v2\/posts"}],"about":[{"href":"https:\/\/www.kalmarkonstmuseum.se\/designarkivet\/wp-json\/wp\/v2\/types\/post"}],"author":[{"embeddable":true,"href":"https:\/\/www.kalmarkonstmuseum.se\/designarkivet\/wp-json\/wp\/v2\/users\/66"}],"replies":[{"embeddable":true,"href":"https:\/\/www.kalmarkonstmuseum.se\/designarkivet\/wp-json\/wp\/v2\/comments?post=1849"}],"version-history":[{"count":12,"href":"https:\/\/www.kalmarkonstmuseum.se\/designarkivet\/wp-json\/wp\/v2\/posts\/1849\/revisions"}],"predecessor-version":[{"id":1856,"href":"https:\/\/www.kalmarkonstmuseum.se\/designarkivet\/wp-json\/wp\/v2\/posts\/1849\/revisions\/1856"}],"wp:featuredmedia":[{"embeddable":true,"href":"https:\/\/www.kalmarkonstmuseum.se\/designarkivet\/wp-json\/wp\/v2\/media\/1850"}],"wp:attachment":[{"href":"https:\/\/www.kalmarkonstmuseum.se\/designarkivet\/wp-json\/wp\/v2\/media?parent=1849"}],"wp:term":[{"taxonomy":"category","embeddable":true,"href":"https:\/\/www.kalmarkonstmuseum.se\/designarkivet\/wp-json\/wp\/v2\/categories?post=1849"},{"taxonomy":"post_tag","embeddable":true,"href":"https:\/\/www.kalmarkonstmuseum.se\/designarkivet\/wp-json\/wp\/v2\/tags?post=1849"}],"curies":[{"name":"wp","href":"https:\/\/api.w.org\/{rel}","templated":true}]}}