{"id":1883,"date":"2023-05-12T15:19:24","date_gmt":"2023-05-12T13:19:24","guid":{"rendered":"https:\/\/www.kalmarkonstmuseum.se\/designarkivet\/?p=1883"},"modified":"2023-08-14T13:17:40","modified_gmt":"2023-08-14T11:17:40","slug":"busstur-till-dadesjo-hembygdsforening-och-smalands-lincentrum","status":"publish","type":"post","link":"https:\/\/www.kalmarkonstmuseum.se\/designarkivet\/busstur-till-dadesjo-hembygdsforening-och-smalands-lincentrum\/","title":{"rendered":"FULLBOKAD: Busstur till D\u00e4desj\u00f6 Hembygdsf\u00f6rening och Sm\u00e5lands Lincentrum"},"content":{"rendered":"<p><strong>OBS: NY AVG\u00c5NGSTID!<\/strong><br \/>\nTorsdag 17 augusti, kl. <strong>12.30<\/strong>\u201317 reser vi med buss till <a href=\"https:\/\/www.hembygd.se\/dadesjo\">D\u00e4desj\u00f6 Hembygdsf\u00f6rening<\/a> och <a href=\"https:\/\/smalandslincentrum.se\/\">Sm\u00e5lands Lincentrum<\/a>!<\/p>\n<p>Genom utst\u00e4llningen <em>H\u00e4r omkring<\/em> vill vi inspirera till bes\u00f6k hos de m\u00e5nga museer som finns h\u00e4r omkring i Sm\u00e5land. D\u00e4rf\u00f6r bjuder vi in till bussturer som g\u00f6r det m\u00f6jligt att uppleva och ta del av den kunskap som finns hos n\u00e5gra av dessa. Denna resa i textilens tecken arrangeras i samarbete med Kalmar l\u00e4ns Hemsl\u00f6jd! Vi bekantar oss med D\u00e4desj\u00f6 Hembygdsf\u00f6renings sp\u00e4nnande textilsamling och l\u00e4r oss om linets odling och hantering hos Sm\u00e5lands Lincentrum.<\/p>\n<p>Bussturen \u00e4r gratis! Under eftermiddagen bjuder vi p\u00e5 kaffe.<br \/>\nVi samlas utanf\u00f6r Designarkivet, Nybro.<\/p>\n<p>Varmt v\u00e4lkomna!<\/p>\n<p>Denna resa \u00e4r nu fullbokad, anm\u00e4lan \u00e4r st\u00e4ngd.<\/p>\n<p>&nbsp;<\/p>\n","protected":false},"excerpt":{"rendered":"<p>OBS: NY AVG\u00c5NGSTID! Torsdag 17 augusti, kl. 12.30\u201317 reser vi med buss till D\u00e4desj\u00f6 Hembygdsf\u00f6rening och Sm\u00e5lands Lincentrum! Genom utst\u00e4llningen H\u00e4r omkring vill vi inspirera till bes\u00f6k hos de m\u00e5nga museer som finns h\u00e4r omkring i Sm\u00e5land. D\u00e4rf\u00f6r bjuder vi [&hellip;]<\/p>\n","protected":false},"author":66,"featured_media":1881,"comment_status":"closed","ping_status":"closed","sticky":false,"template":"","format":"standard","meta":{"_exactmetrics_skip_tracking":false,"_exactmetrics_sitenote_active":false,"_exactmetrics_sitenote_note":"","_exactmetrics_sitenote_category":0,"footnotes":""},"categories":[7],"tags":[],"class_list":["post-1883","post","type-post","status-publish","format-standard","has-post-thumbnail","hentry","category-evenemang"],"_links":{"self":[{"href":"https:\/\/www.kalmarkonstmuseum.se\/designarkivet\/wp-json\/wp\/v2\/posts\/1883","targetHints":{"allow":["GET"]}}],"collection":[{"href":"https:\/\/www.kalmarkonstmuseum.se\/designarkivet\/wp-json\/wp\/v2\/posts"}],"about":[{"href":"https:\/\/www.kalmarkonstmuseum.se\/designarkivet\/wp-json\/wp\/v2\/types\/post"}],"author":[{"embeddable":true,"href":"https:\/\/www.kalmarkonstmuseum.se\/designarkivet\/wp-json\/wp\/v2\/users\/66"}],"replies":[{"embeddable":true,"href":"https:\/\/www.kalmarkonstmuseum.se\/designarkivet\/wp-json\/wp\/v2\/comments?post=1883"}],"version-history":[{"count":6,"href":"https:\/\/www.kalmarkonstmuseum.se\/designarkivet\/wp-json\/wp\/v2\/posts\/1883\/revisions"}],"predecessor-version":[{"id":1949,"href":"https:\/\/www.kalmarkonstmuseum.se\/designarkivet\/wp-json\/wp\/v2\/posts\/1883\/revisions\/1949"}],"wp:featuredmedia":[{"embeddable":true,"href":"https:\/\/www.kalmarkonstmuseum.se\/designarkivet\/wp-json\/wp\/v2\/media\/1881"}],"wp:attachment":[{"href":"https:\/\/www.kalmarkonstmuseum.se\/designarkivet\/wp-json\/wp\/v2\/media?parent=1883"}],"wp:term":[{"taxonomy":"category","embeddable":true,"href":"https:\/\/www.kalmarkonstmuseum.se\/designarkivet\/wp-json\/wp\/v2\/categories?post=1883"},{"taxonomy":"post_tag","embeddable":true,"href":"https:\/\/www.kalmarkonstmuseum.se\/designarkivet\/wp-json\/wp\/v2\/tags?post=1883"}],"curies":[{"name":"wp","href":"https:\/\/api.w.org\/{rel}","templated":true}]}}