{"id":1968,"date":"2023-10-02T12:55:41","date_gmt":"2023-10-02T10:55:41","guid":{"rendered":"https:\/\/www.kalmarkonstmuseum.se\/designarkivet\/?p=1968"},"modified":"2023-11-01T10:43:11","modified_gmt":"2023-11-01T09:43:11","slug":"titta-pa-sitta-padesignarkivet-uppmarksammar-arkivens-dag","status":"publish","type":"post","link":"https:\/\/www.kalmarkonstmuseum.se\/designarkivet\/titta-pa-sitta-padesignarkivet-uppmarksammar-arkivens-dag\/","title":{"rendered":"Arkivens dag p\u00e5 Designarkivet <br>Titta p\u00e5 \u2013 sitta p\u00e5"},"content":{"rendered":"<p>Bild: <em><a href=\"https:\/\/digitaltmuseum.se\/0210613107267\/titta-pa-textilprover\">Titta p\u00e5<\/a>, <\/em>tryckt textil, Sven Fristedt f\u00f6r Bor\u00e5s Cotton<\/p>\n<p><a href=\"https:\/\/arkivensdag.nu\/\">Arkivens dag<\/a> firas i hela Norden den andra l\u00f6rdagen i november, i \u00e5r med temat \u201df\u00e4rg och form\u201d \u2013 Designarkivets specialitet!<\/p>\n<p>F\u00e4rg och form \u00e4r en s\u00e5dan sj\u00e4lvklar och viktig del i v\u00e5r vardag att det finns en hel yrkesk\u00e5r som \u00e4gnar sig \u00e5t dessa fr\u00e5gor. F\u00e4rg och form kan ber\u00e4tta om tid, identitet, plats och smak, men det \u00e4r ocks\u00e5 n\u00e5got som vi kan njuta av f\u00f6r v\u00e5ra egna h\u00f6ga n\u00f6jens skull.<\/p>\n<p>Inf\u00f6r \u00e5rets upplaga av Arkivens dag har Designarkivet valt ut material av fyra formgivare fr\u00e5n olika designomr\u00e5den: Sven Fristedt (textil), Milie McNaughton (mode), Erik H\u00f6glund (glas) och Marianne von M\u00fcnchow (inredning och m\u00f6blemang). Det blir s\u00e5v\u00e4l saker att titta p\u00e5, som saker att (i tanken) sitta p\u00e5.<\/p>\n<p>Klockan 13.30 h\u00e5ller Designarkivet en visning av arkivutrymmena som avslutas klockan 14.00 med en kortare f\u00f6rel\u00e4sning om f\u00e4rg och form med arkivets pedagog Inger Stjerna. Med omsorg f\u00f6r arkivet kan vi under visningen endast ta emot ett begr\u00e4nsat antal deltagare, kom i tid f\u00f6r att s\u00e4kra din plats. Under dagen h\u00e5ller vi dessutom v\u00e5r lilla butik \u00f6ppen d\u00e4r det bland annat g\u00e5r att k\u00f6pa <a href=\"https:\/\/www.kalmarkonstmuseum.se\/designarkivet\/bokrelease-en-bok-om-designarkivet\/\"><em>En bok om Designarkivet <\/em><\/a>av Eva W\u00e4ngelin, vykort med motiv ur samlingen och nytryck av Sven Fristedt-m\u00f6nster.<\/p>\n<p>Varmt v\u00e4lkomna!<\/p>\n","protected":false},"excerpt":{"rendered":"<p>Bild: Titta p\u00e5, tryckt textil, Sven Fristedt f\u00f6r Bor\u00e5s Cotton Arkivens dag firas i hela Norden den andra l\u00f6rdagen i november, i \u00e5r med temat \u201df\u00e4rg och form\u201d \u2013 Designarkivets specialitet! F\u00e4rg och form \u00e4r en s\u00e5dan sj\u00e4lvklar och viktig [&hellip;]<\/p>\n","protected":false},"author":66,"featured_media":1969,"comment_status":"closed","ping_status":"closed","sticky":false,"template":"","format":"standard","meta":{"_exactmetrics_skip_tracking":false,"_exactmetrics_sitenote_active":false,"_exactmetrics_sitenote_note":"","_exactmetrics_sitenote_category":0,"footnotes":""},"categories":[7],"tags":[],"class_list":["post-1968","post","type-post","status-publish","format-standard","has-post-thumbnail","hentry","category-evenemang"],"_links":{"self":[{"href":"https:\/\/www.kalmarkonstmuseum.se\/designarkivet\/wp-json\/wp\/v2\/posts\/1968","targetHints":{"allow":["GET"]}}],"collection":[{"href":"https:\/\/www.kalmarkonstmuseum.se\/designarkivet\/wp-json\/wp\/v2\/posts"}],"about":[{"href":"https:\/\/www.kalmarkonstmuseum.se\/designarkivet\/wp-json\/wp\/v2\/types\/post"}],"author":[{"embeddable":true,"href":"https:\/\/www.kalmarkonstmuseum.se\/designarkivet\/wp-json\/wp\/v2\/users\/66"}],"replies":[{"embeddable":true,"href":"https:\/\/www.kalmarkonstmuseum.se\/designarkivet\/wp-json\/wp\/v2\/comments?post=1968"}],"version-history":[{"count":4,"href":"https:\/\/www.kalmarkonstmuseum.se\/designarkivet\/wp-json\/wp\/v2\/posts\/1968\/revisions"}],"predecessor-version":[{"id":1979,"href":"https:\/\/www.kalmarkonstmuseum.se\/designarkivet\/wp-json\/wp\/v2\/posts\/1968\/revisions\/1979"}],"wp:featuredmedia":[{"embeddable":true,"href":"https:\/\/www.kalmarkonstmuseum.se\/designarkivet\/wp-json\/wp\/v2\/media\/1969"}],"wp:attachment":[{"href":"https:\/\/www.kalmarkonstmuseum.se\/designarkivet\/wp-json\/wp\/v2\/media?parent=1968"}],"wp:term":[{"taxonomy":"category","embeddable":true,"href":"https:\/\/www.kalmarkonstmuseum.se\/designarkivet\/wp-json\/wp\/v2\/categories?post=1968"},{"taxonomy":"post_tag","embeddable":true,"href":"https:\/\/www.kalmarkonstmuseum.se\/designarkivet\/wp-json\/wp\/v2\/tags?post=1968"}],"curies":[{"name":"wp","href":"https:\/\/api.w.org\/{rel}","templated":true}]}}