{"id":1974,"date":"2023-10-23T10:33:53","date_gmt":"2023-10-23T08:33:53","guid":{"rendered":"https:\/\/www.kalmarkonstmuseum.se\/designarkivet\/?p=1974"},"modified":"2024-01-26T13:18:39","modified_gmt":"2024-01-26T12:18:39","slug":"utstallning-har-omkring-visas-pa-form-design-center-i-malmo","status":"publish","type":"post","link":"https:\/\/www.kalmarkonstmuseum.se\/designarkivet\/utstallning-har-omkring-visas-pa-form-design-center-i-malmo\/","title":{"rendered":"UTST\u00c4LLNING: H\u00e4r omkring visas p\u00e5 Form\/Design Center i Malm\u00f6!"},"content":{"rendered":"<p><strong><a href=\"https:\/\/www.kalmarkonstmuseum.se\/designarkivet\/har-omkring-en-utstallning-om-lokala-och-globala-designhistorier-fran-smaland\/\"><em>H\u00e4r omkring<\/em><\/a> ber\u00e4ttar om olika hantverks- och designhistorier som finns i Sm\u00e5land, en plats som m\u00e5nga av oss l\u00e4rt k\u00e4nna genom framg\u00e5ngsrika glas- och m\u00f6belindustrier. Utst\u00e4llningen\u00a0 visades f\u00f6rst i Pukebergs utst\u00e4llningshall sommaren 2023 och nu g\u00e5r utst\u00e4llningen vidare i n\u00e5got bearbetad form till <a href=\"https:\/\/formdesigncenter.com\/utstallning\/har-omkring\">Form\/Design Center i Malm\u00f6<\/a> 22\/11 2023\u201314\/1 2024! <\/strong><\/p>\n<p>Historiskt har v\u00e4ldigt lite designhistoria skrivits utifr\u00e5n Sm\u00e5land trots att m\u00e5nga designobjekt har producerats d\u00e4r. Designhistorien har i st\u00e4llet formulerats och best\u00e4mts av storst\u00e4dernas institutioner, museer och universitet som ofta delar en traditionell designhistorieskrivning med fokus p\u00e5 produkterna och den enskilda formgivaren. Genom ett s\u00e5dant f\u00f6rh\u00e5llningss\u00e4tt riskerar andra ber\u00e4ttelser att f\u00f6rsvinna ur historieskrivningen.<\/p>\n<p>Utst\u00e4llningen<em> H\u00e4r omkring<\/em>\u00a0lyfter ist\u00e4llet en m\u00e5ngfald av historier fr\u00e5n en specifik plats. Detta \u00e4r ber\u00e4ttelser som idag hittas hos civilsamh\u00e4llet, p\u00e5 hembygdsg\u00e5rdar, museer och i lokala historiska n\u00e4tverk. Tillsammans skrivs i utst\u00e4llningen hantverks- och designhistoria med hela Sm\u00e5land \u2013 en brokig historia om olika vardagar, om materialkunskaper och hantverk och om livet i bygderna. <em>H\u00e4r omkring<\/em> ber\u00e4ttar om design och hantverk som inte \u00e4r knutet till k\u00f6pkraft, produkter och abstrakta uppfattningar om fint och fult.<\/p>\n<p>I utst\u00e4llningen visas tr\u00e4m\u00f6bler som utmanar industrisamh\u00e4llets normer, fantastiskt konstglas, en finservis resa fr\u00e5n Polen till ett vitrinsk\u00e5p i H\u00f6gsby, en sm\u00e5l\u00e4ndsk-irakisk ber\u00e4ttelse om ett spektakul\u00e4rt hotell, personliga formspr\u00e5k i tr\u00e5dsl\u00f6jd, sm\u00e5l\u00e4ndska ber\u00e4ttelser om romanifolk, kartl\u00e4ggningar av barns platser, glasarbetare som skriver deras egen historia och v\u00e4vstugans inneh\u00e5ll och kreativitet \u2013 allt ber\u00e4ttar om design och allt finns h\u00e4r omkring, i Sm\u00e5land.<\/p>\n<p>Utst\u00e4llningen \u00e4r producerad av Designarkivet och sammanfattar det tre\u00e5riga utvecklingsprojektet <em>L\u00e4ra om arkivet<\/em>\u00a0som Designarkivet har drivit tillsammans med hantverks- och designhistorikern Christina Zetterlund, som ocks\u00e5 \u00e4r utst\u00e4llningens curator.<\/p>\n<h2>Medverkande<\/h2>\n<p>Magnus B\u00e4rt\u00e5s &amp; Behzad Khosravi Noori, Annika Elmqvist, Makda Embaie, Frantzwagner S\u00e4llskapet, H\u00f6nsalottas Luffarmuseum, Kalmar L\u00e4ns Hemsl\u00f6jd, MADAM snickeri och restaurering, Evelina Mohei, Tuomo Nieminen, Ann Rydh, Studio Goja, Rosa Tolnov Clausen &amp; Daniele Burlando<\/p>\n<h2>VERNISSAGE OCH SEMINARIUM<br \/>\n21\/11 kl.16.30\u201320.00<\/h2>\n<p><strong>16.30\u201318.00: Seminariet &#8221;Sm\u00e5land och Malm\u00f6 \u2013 om att arbeta med en plats&#8221;<\/strong><br \/>\nTraditionellt har designpraktik definierats som platsl\u00f6s, men idag ser vi ett skifte mot en design som s\u00f6ker att agera p\u00e5 en plats, i processer, i samh\u00e4llet tillsammans med de som agerar h\u00e4r. I seminariet, som h\u00e5lls p\u00e5 engelska, deltar \u00c5sa St\u00e5hl, lektor i design p\u00e5 Linn\u00e9universitetet, Finn Williams, stadsarkitekt i Malm\u00f6, och Christina Zetterlund, projektledare f\u00f6r L\u00e4ra om arkivet och curator f\u00f6r &#8221;H\u00e4r omkring&#8221;. Utifr\u00e5n olika platser och erfarenheter visar de exempel p\u00e5 hur vi kan arbeta tillsammans med en plats.<\/p>\n<p><strong>18.00\u201320.00: \u00d6ppning med samtal<\/strong><br \/>\nEfter seminariet f\u00f6ljer \u00f6ppningen av utst\u00e4llningen d\u00e4r Christina Zetterlund presenterar utst\u00e4llningen och samtalar med Jon Pettersson om Frantzwagner S\u00e4llskapet arbete med att skriva resanderomsk kulturhistoria, och Bettina Pehrsson som ber\u00e4ttar om Designarkivet i Nybro.<\/p>\n<p>L\u00e4s mer om kv\u00e4llen och hur du anm\u00e4ler dig hos <a href=\"https:\/\/formdesigncenter.com\/program\/oppning-och-seminarium-har-omkring\">Form\/Design Center<\/a>.<\/p>\n<h2>Om L\u00e4ra om arkivet<\/h2>\n<p><a href=\"https:\/\/laraomarkivet.se\/\" target=\"_blank\" rel=\"noopener noreferrer\"><em>L\u00e4ra om arkivet<\/em>\u00a0<\/a>\u00e4r ett tre\u00e5rigt utvecklingsprojekt som drivs av Designarkivet och finansieras av Statens kulturr\u00e5d och Region Kalmar l\u00e4n. Projektet har utvecklat och testat en metod f\u00f6r hur vi kan vidga designhistorieskrivningen genom en inkluderande, lyssnande och l\u00e4rande praktik. <em>L\u00e4ra om arkivet<\/em> \u00e4r en del i Designarkivets l\u00e5ngsiktiga arbete att \u00f6ppna upp arkivet f\u00f6r en allm\u00e4n publik.<\/p>\n","protected":false},"excerpt":{"rendered":"<p>H\u00e4r omkring ber\u00e4ttar om olika hantverks- och designhistorier som finns i Sm\u00e5land, en plats som m\u00e5nga av oss l\u00e4rt k\u00e4nna genom framg\u00e5ngsrika glas- och m\u00f6belindustrier. Utst\u00e4llningen\u00a0 visades f\u00f6rst i Pukebergs utst\u00e4llningshall sommaren 2023 och nu g\u00e5r utst\u00e4llningen vidare i n\u00e5got [&hellip;]<\/p>\n","protected":false},"author":66,"featured_media":1850,"comment_status":"closed","ping_status":"closed","sticky":false,"template":"","format":"standard","meta":{"_exactmetrics_skip_tracking":false,"_exactmetrics_sitenote_active":false,"_exactmetrics_sitenote_note":"","_exactmetrics_sitenote_category":0,"footnotes":""},"categories":[15],"tags":[],"class_list":["post-1974","post","type-post","status-publish","format-standard","has-post-thumbnail","hentry","category-nyheter"],"_links":{"self":[{"href":"https:\/\/www.kalmarkonstmuseum.se\/designarkivet\/wp-json\/wp\/v2\/posts\/1974","targetHints":{"allow":["GET"]}}],"collection":[{"href":"https:\/\/www.kalmarkonstmuseum.se\/designarkivet\/wp-json\/wp\/v2\/posts"}],"about":[{"href":"https:\/\/www.kalmarkonstmuseum.se\/designarkivet\/wp-json\/wp\/v2\/types\/post"}],"author":[{"embeddable":true,"href":"https:\/\/www.kalmarkonstmuseum.se\/designarkivet\/wp-json\/wp\/v2\/users\/66"}],"replies":[{"embeddable":true,"href":"https:\/\/www.kalmarkonstmuseum.se\/designarkivet\/wp-json\/wp\/v2\/comments?post=1974"}],"version-history":[{"count":5,"href":"https:\/\/www.kalmarkonstmuseum.se\/designarkivet\/wp-json\/wp\/v2\/posts\/1974\/revisions"}],"predecessor-version":[{"id":1983,"href":"https:\/\/www.kalmarkonstmuseum.se\/designarkivet\/wp-json\/wp\/v2\/posts\/1974\/revisions\/1983"}],"wp:featuredmedia":[{"embeddable":true,"href":"https:\/\/www.kalmarkonstmuseum.se\/designarkivet\/wp-json\/wp\/v2\/media\/1850"}],"wp:attachment":[{"href":"https:\/\/www.kalmarkonstmuseum.se\/designarkivet\/wp-json\/wp\/v2\/media?parent=1974"}],"wp:term":[{"taxonomy":"category","embeddable":true,"href":"https:\/\/www.kalmarkonstmuseum.se\/designarkivet\/wp-json\/wp\/v2\/categories?post=1974"},{"taxonomy":"post_tag","embeddable":true,"href":"https:\/\/www.kalmarkonstmuseum.se\/designarkivet\/wp-json\/wp\/v2\/tags?post=1974"}],"curies":[{"name":"wp","href":"https:\/\/api.w.org\/{rel}","templated":true}]}}