{"id":2004,"date":"2024-02-05T08:17:13","date_gmt":"2024-02-05T07:17:13","guid":{"rendered":"https:\/\/www.kalmarkonstmuseum.se\/designarkivet\/?p=2004"},"modified":"2024-04-08T09:52:47","modified_gmt":"2024-04-08T07:52:47","slug":"arkiv-och-tragardhdesignarkivet-oppnar-upp-arkivet","status":"publish","type":"post","link":"https:\/\/www.kalmarkonstmuseum.se\/designarkivet\/arkiv-och-tragardhdesignarkivet-oppnar-upp-arkivet\/","title":{"rendered":"G\u00f6ta Tr\u00e4g\u00e5rdh<br>Mode, m\u00f6nster, m\u00f6ten"},"content":{"rendered":"<p><strong>Designarkivet \u00f6ppnar upp! Genom ett \u00f6ppet arkiv i utst\u00e4llningsform v\u00e4lkomnar Designarkivet fler att ta del av arkivets samling. Sommaren 2024 g\u00e5r den f\u00f6rsta upplagan av det \u00f6ppna arkivet av stapeln. I utst\u00e4llningen <em>G\u00f6ta Tr\u00e4g\u00e5rdh \u2013 Mode, m\u00f6nster, m\u00f6ten <\/em>blir det inriktning textil och fokus p\u00e5 textilformgivaren G\u00f6ta Tr\u00e4g\u00e5rdh och kretsen av formgivare kring henne.<\/strong><\/p>\n<p><!--more--><\/p>\n<div id=\"attachment_2008\" style=\"width: 1387px\" class=\"wp-caption aligncenter\"><a href=\"https:\/\/www.kalmarkonstmuseum.se\/designarkivet\/wp-content\/uploads\/sites\/4\/2024\/01\/gota-tragardh_arkiv_svensk-form.jpg\"><img loading=\"lazy\" decoding=\"async\" aria-describedby=\"caption-attachment-2008\" class=\"wp-image-2008 size-full\" src=\"https:\/\/www.kalmarkonstmuseum.se\/designarkivet\/wp-content\/uploads\/sites\/4\/2024\/01\/gota-tragardh_arkiv_svensk-form.jpg\" alt=\"\" width=\"1377\" height=\"1102\" srcset=\"https:\/\/www.kalmarkonstmuseum.se\/designarkivet\/wp-content\/uploads\/sites\/4\/2024\/01\/gota-tragardh_arkiv_svensk-form.jpg 1377w, https:\/\/www.kalmarkonstmuseum.se\/designarkivet\/wp-content\/uploads\/sites\/4\/2024\/01\/gota-tragardh_arkiv_svensk-form-300x240.jpg 300w, https:\/\/www.kalmarkonstmuseum.se\/designarkivet\/wp-content\/uploads\/sites\/4\/2024\/01\/gota-tragardh_arkiv_svensk-form-1024x819.jpg 1024w, https:\/\/www.kalmarkonstmuseum.se\/designarkivet\/wp-content\/uploads\/sites\/4\/2024\/01\/gota-tragardh_arkiv_svensk-form-768x615.jpg 768w\" sizes=\"auto, (max-width: 1377px) 100vw, 1377px\" \/><\/a><p id=\"caption-attachment-2008\" class=\"wp-caption-text\">G\u00f6ta Tr\u00e4g\u00e5rdh framf\u00f6r textilm\u00f6nstret Monolog f\u00f6r Str\u00f6mma (1971) Foto: arkivbild Svensk Form<\/p><\/div>\n<h4>G\u00f6ta Tr\u00e4g\u00e5rdh \u2013 Mode, m\u00f6nster, m\u00f6ten<br \/>\n1 juni \u2013 6 oktober 2024<\/h4>\n<p>De senaste \u00e5ren har i f\u00f6rsta hand forskare och studenter kunnat tillskansa sig Designarkivets inneh\u00e5ll, men fr\u00e5n 1 juni 2024 blir det \u00e4ndring p\u00e5 det. Genom ett \u00f6ppet arkiv i utst\u00e4llningsform i en angr\u00e4nsande utst\u00e4llningshall v\u00e4lkomnar Designarkivet allm\u00e4nheten att ta del av arkivets samling. Ambitionen \u00e4r att f\u00f6r varje \u00e5r presentera en ny utst\u00e4llning med s\u00e4rskilda inriktningar och fokus. F\u00f6rst ut i det \u00f6ppna arkivet f\u00e5r vi l\u00e4ra oss om en stor del av 1900-talets textilindustri genom textilformgivaren G\u00f6ta Tr\u00e4g\u00e5rdhs lins.<\/p>\n<p>G\u00f6ta Tr\u00e4g\u00e5rdh (1904\u20131984) har med sina m\u00f6nster, tyger och illustrationer p\u00e5verkat flera generationer. Hon var verksam fr\u00e5n 1920-talet till 1980-talet och var oerh\u00f6rt arbetsam och m\u00e5ngsidig. Som konstn\u00e4r, redakt\u00f6r, stilbildande modetecknare, konsult, l\u00e4rare, konstn\u00e4rlig ledare, pedagog och utst\u00e4llningscurator definierade hon svenskt mode och textil i decennier. Hon var tillsammans med Anders Beckman medgrundare till Beckmans designh\u00f6gskola 1939 d\u00e4r hon var och f\u00f6rblev l\u00e4rare i modeteckning och m\u00f6nsterkomposition fram till sin d\u00f6d 1984.<\/p>\n<p>I sommarens utst\u00e4llning p\u00e5 Designarkivet f\u00e5r vi genom modeillustrationer, m\u00f6nsterskisser och textilier l\u00e4ra k\u00e4nna G\u00f6ta Tr\u00e4g\u00e5rdh och kretsen av formgivare runt henne. Designarkivet har ett omfattande material av skisser och textilier av G\u00f6ta Tr\u00e4g\u00e5rdh i sin samling, liksom flera av formgivarna kring henne s\u00e5som bland andra Elsa Gullberg, Astrid Sampe, Susan Gr\u00f6ndal, Ritva Wahlstr\u00f6m, Barbro Grytn\u00e4s, Brita Wassdahl, Viola Gr\u00e5sten, Inez Svensson, Al Eklund och Lena Tr\u00e4g\u00e5rdh. Det blir en kavalkad av m\u00f6nster och mode med utblickar mot designhistoriska h\u00e4ndelser och str\u00f6mningar under G\u00f6ta Tr\u00e4g\u00e5rdhs l\u00e5nga verksamhet.<\/p>\n<p>Utst\u00e4llningen produceras i samarbete med Anna H\u00e4ggblom och Ola St\u00e5lhammar som tidigare producerat utst\u00e4llningarna <em>STOBO \u2013 en bortgl\u00f6md m\u00f6nsterskatt, <\/em>Eker\u00f6 (2019), och <em>Marimekko \u2013 design i tiden, <\/em>Kulturhuset i Stockholm (2021). Inf\u00f6r utst\u00e4llningen sl\u00e4pper Anna H\u00e4ggblom \u00e4ven en bok om G\u00f6ta Tr\u00e4g\u00e5rdh som ges ut av Appell f\u00f6rlag. Mer information om utst\u00e4llningen kommer meddelas l\u00f6pande under v\u00e5ren.<\/p>\n<h4>OM ANNA H\u00c4GGBLOM OCH OLA ST\u00c5LHAMMAR<\/h4>\n<p>Anna H\u00e4ggblom och Ola St\u00e5lhammar \u00e4r m\u00e5ngsysslare med ett stort intresse f\u00f6r textilhistoria. Anna H\u00e4ggblom har tidigare skrivit boken <em>Om konsten att trycka tyg <\/em>(2007). I Ola St\u00e5lhammars familj finns en stor samling med textilier fr\u00e5n hans mormors tid som synerska f\u00f6r STOBO. Familjens p\u00e4rmar och kartonger med provtryck, dukar, gardiner och tygbitar fr\u00e5n 1950\u20131960-talet \u00e4r bakgrunden och inspirationen till s\u00e5v\u00e4l utst\u00e4llningen som boken.<\/p>\n<h5><a href=\"https:\/\/digitaltmuseum.se\/search\/?aq=name%3A%22b6754bcb-a057-4bf7-a4f9-22447187b6c2%22%20owner%3A%22S-DA%22&amp;o=0&amp;n=60\">Se Designarkivets G\u00f6ta Tr\u00e4g\u00e5rdh-samling p\u00e5 DigitaltMuseum &gt;&gt;<\/a><\/h5>\n","protected":false},"excerpt":{"rendered":"<p>Designarkivet \u00f6ppnar upp! Genom ett \u00f6ppet arkiv i utst\u00e4llningsform v\u00e4lkomnar Designarkivet fler att ta del av arkivets samling. Sommaren 2024 g\u00e5r den f\u00f6rsta upplagan av det \u00f6ppna arkivet av stapeln. I utst\u00e4llningen G\u00f6ta Tr\u00e4g\u00e5rdh \u2013 Mode, m\u00f6nster, m\u00f6ten blir det [&hellip;]<\/p>\n","protected":false},"author":66,"featured_media":2012,"comment_status":"closed","ping_status":"closed","sticky":false,"template":"","format":"standard","meta":{"_exactmetrics_skip_tracking":false,"_exactmetrics_sitenote_active":false,"_exactmetrics_sitenote_note":"","_exactmetrics_sitenote_category":0,"footnotes":""},"categories":[15],"tags":[],"class_list":["post-2004","post","type-post","status-publish","format-standard","has-post-thumbnail","hentry","category-nyheter"],"_links":{"self":[{"href":"https:\/\/www.kalmarkonstmuseum.se\/designarkivet\/wp-json\/wp\/v2\/posts\/2004","targetHints":{"allow":["GET"]}}],"collection":[{"href":"https:\/\/www.kalmarkonstmuseum.se\/designarkivet\/wp-json\/wp\/v2\/posts"}],"about":[{"href":"https:\/\/www.kalmarkonstmuseum.se\/designarkivet\/wp-json\/wp\/v2\/types\/post"}],"author":[{"embeddable":true,"href":"https:\/\/www.kalmarkonstmuseum.se\/designarkivet\/wp-json\/wp\/v2\/users\/66"}],"replies":[{"embeddable":true,"href":"https:\/\/www.kalmarkonstmuseum.se\/designarkivet\/wp-json\/wp\/v2\/comments?post=2004"}],"version-history":[{"count":19,"href":"https:\/\/www.kalmarkonstmuseum.se\/designarkivet\/wp-json\/wp\/v2\/posts\/2004\/revisions"}],"predecessor-version":[{"id":2207,"href":"https:\/\/www.kalmarkonstmuseum.se\/designarkivet\/wp-json\/wp\/v2\/posts\/2004\/revisions\/2207"}],"wp:featuredmedia":[{"embeddable":true,"href":"https:\/\/www.kalmarkonstmuseum.se\/designarkivet\/wp-json\/wp\/v2\/media\/2012"}],"wp:attachment":[{"href":"https:\/\/www.kalmarkonstmuseum.se\/designarkivet\/wp-json\/wp\/v2\/media?parent=2004"}],"wp:term":[{"taxonomy":"category","embeddable":true,"href":"https:\/\/www.kalmarkonstmuseum.se\/designarkivet\/wp-json\/wp\/v2\/categories?post=2004"},{"taxonomy":"post_tag","embeddable":true,"href":"https:\/\/www.kalmarkonstmuseum.se\/designarkivet\/wp-json\/wp\/v2\/tags?post=2004"}],"curies":[{"name":"wp","href":"https:\/\/api.w.org\/{rel}","templated":true}]}}