{"id":2084,"date":"2018-11-24T09:56:04","date_gmt":"2018-11-24T08:56:04","guid":{"rendered":"https:\/\/www.kalmarkonstmuseum.se\/designarkivet\/?p=2084"},"modified":"2024-01-30T10:01:01","modified_gmt":"2024-01-30T09:01:01","slug":"vem-ar-du-mode-och-poesi","status":"publish","type":"post","link":"https:\/\/www.kalmarkonstmuseum.se\/designarkivet\/vem-ar-du-mode-och-poesi\/","title":{"rendered":"Vem \u00e4r du? Mode och poesi"},"content":{"rendered":"<p><em>24 november 2018 \u2013 10 februari 2019<br \/>\n<a href=\"https:\/\/www.kalmarkonstmuseum.se\/exhibition\/vem-ar-du-mode-och-poesi\/\">Kalmar konstmuseum<\/a><\/em><\/p>\n<p>Kl\u00e4der \u00e4r identitetsmark\u00f6rer och i modeskissen k\u00e4nner vi d\u00e4rf\u00f6r ofta igen oss, b\u00e5de som vi var och som vi \u00e4r. Designarkivet har en samling modeskisser som visas i utst\u00e4llningen i kombination med poesi. Varf\u00f6r?<\/p>\n<p>I sociala media st\u00e4lls fr\u00e5gan \u201dVem \u00e4r du?\u201d Men inte vem hen verkligen \u00e4r utan vem hen liknar eller k\u00e4nner igen sig i fr\u00e5n olika sammanhang. Vem \u00e4r du i \u201dSkam\u201d? Vem \u00e4r du i \u201dFamiljen Wahlgren\u201d? Vem \u00e4r du i \u201dHarry Potter\u201d? Vem \u00e4r du i Mumindalen? Vem \u00e4r du i \u2026 osv. Vem \u00e4r jag?<\/p>\n<p>Vi vill vara en spegel f\u00f6r bes\u00f6karna och lyfta fr\u00e5gan om vem hen verkligen \u00e4r och hur viktigt det \u00e4r att s\u00f6ka sitt jag in\u00e5t och inte bara i digitala media. Genom att visa exempel ur diktens v\u00e4rld d\u00e4r poeter s\u00e4ger n\u00e5got om vem de \u00e4r vill vi initiera en diskussion om identitet och hur den formuleras.<\/p>\n<p>Utst\u00e4llningen \u00e4r producerad av Designarkivet och visas p\u00e5 Kalmar konstmuseum<\/p>\n<p>Huvudbild: modeskiss, Anna-Lena Emd\u00e9n f\u00f6r Allings\u00e5s Bomullsv\u00e4fveri AB, utan \u00e5rtal.<\/p>\n","protected":false},"excerpt":{"rendered":"<p>24 november 2018 \u2013 10 februari 2019 Kalmar konstmuseum Kl\u00e4der \u00e4r identitetsmark\u00f6rer och i modeskissen k\u00e4nner vi d\u00e4rf\u00f6r ofta igen oss, b\u00e5de som vi var och som vi \u00e4r. Designarkivet har en samling modeskisser som visas i utst\u00e4llningen i kombination [&hellip;]<\/p>\n","protected":false},"author":66,"featured_media":2085,"comment_status":"closed","ping_status":"closed","sticky":false,"template":"","format":"standard","meta":{"_exactmetrics_skip_tracking":false,"_exactmetrics_sitenote_active":false,"_exactmetrics_sitenote_note":"","_exactmetrics_sitenote_category":0,"footnotes":""},"categories":[9],"tags":[],"class_list":["post-2084","post","type-post","status-publish","format-standard","has-post-thumbnail","hentry","category-utstallningar"],"_links":{"self":[{"href":"https:\/\/www.kalmarkonstmuseum.se\/designarkivet\/wp-json\/wp\/v2\/posts\/2084","targetHints":{"allow":["GET"]}}],"collection":[{"href":"https:\/\/www.kalmarkonstmuseum.se\/designarkivet\/wp-json\/wp\/v2\/posts"}],"about":[{"href":"https:\/\/www.kalmarkonstmuseum.se\/designarkivet\/wp-json\/wp\/v2\/types\/post"}],"author":[{"embeddable":true,"href":"https:\/\/www.kalmarkonstmuseum.se\/designarkivet\/wp-json\/wp\/v2\/users\/66"}],"replies":[{"embeddable":true,"href":"https:\/\/www.kalmarkonstmuseum.se\/designarkivet\/wp-json\/wp\/v2\/comments?post=2084"}],"version-history":[{"count":2,"href":"https:\/\/www.kalmarkonstmuseum.se\/designarkivet\/wp-json\/wp\/v2\/posts\/2084\/revisions"}],"predecessor-version":[{"id":2087,"href":"https:\/\/www.kalmarkonstmuseum.se\/designarkivet\/wp-json\/wp\/v2\/posts\/2084\/revisions\/2087"}],"wp:featuredmedia":[{"embeddable":true,"href":"https:\/\/www.kalmarkonstmuseum.se\/designarkivet\/wp-json\/wp\/v2\/media\/2085"}],"wp:attachment":[{"href":"https:\/\/www.kalmarkonstmuseum.se\/designarkivet\/wp-json\/wp\/v2\/media?parent=2084"}],"wp:term":[{"taxonomy":"category","embeddable":true,"href":"https:\/\/www.kalmarkonstmuseum.se\/designarkivet\/wp-json\/wp\/v2\/categories?post=2084"},{"taxonomy":"post_tag","embeddable":true,"href":"https:\/\/www.kalmarkonstmuseum.se\/designarkivet\/wp-json\/wp\/v2\/tags?post=2084"}],"curies":[{"name":"wp","href":"https:\/\/api.w.org\/{rel}","templated":true}]}}