{"id":2096,"date":"2015-07-04T10:22:35","date_gmt":"2015-07-04T08:22:35","guid":{"rendered":"https:\/\/www.kalmarkonstmuseum.se\/designarkivet\/?p=2096"},"modified":"2024-01-30T10:28:43","modified_gmt":"2024-01-30T09:28:43","slug":"luftens-rattor","status":"publish","type":"post","link":"https:\/\/www.kalmarkonstmuseum.se\/designarkivet\/luftens-rattor\/","title":{"rendered":"Luftens r\u00e5ttor"},"content":{"rendered":"<h3>Tyra Lundgren<\/h3>\n<p><em>4 juli \u2013 1 november 2015<br \/>\n<a href=\"https:\/\/www.kalmarkonstmuseum.se\/exhibition\/luftens-rattor\/\">Kalmar konstmuseum<\/a><br \/>\n<\/em><\/p>\n<p>Hur \u00e4r v\u00e5ra k\u00e4nslor och relationer till stadsf\u00e5glar? De \u00e4r bes\u00f6kare fr\u00e5n naturen som lever parallella liv med oss. Duvor, kr\u00e5kf\u00e5glar och m\u00e5sar v\u00e4cker ont blod n\u00e4r de skr\u00e4nar och skr\u00e4par ner, men vi \u00f6mmar f\u00f6r dem under h\u00e5rda vintrar.<\/p>\n<p>Designarkivet har en stor samling av konstn\u00e4ren Tyra Lundgrens f\u00e5gelskisser, och stadsf\u00e5glar verkar ha haft en s\u00e4rskild plats i hennes hj\u00e4rta. Men hur var Tyra Lundgrens relation till f\u00e5glarna egentligen? N\u00e4r de kom p\u00e5 tal var hon ofta snabb att f\u00f6rtydliga att det var f\u00e5glar som formelement som hon st\u00e4ndigt \u00e5terkom till i sitt arbete. Samtidigt framskymtar varma k\u00e4nslor f\u00f6r de enstaka djuren. De var inte bara motiv utan v\u00e4nner, som hon tog till sitt hj\u00e4rta.<\/p>\n<p>Utst\u00e4llningen visar Tyra Lundgrens f\u00e5gelskisser ur Designarkivets samlingar, och reflekterar kring v\u00e5ra ambivalenta k\u00e4nslor f\u00f6r stadsf\u00e5glar.\u00a0<em>Luftens r\u00e5ttor<\/em> \u00e4r sammanst\u00e4lld av Designarkivets intendent Eva W\u00e4ngelin och visas p\u00e5 Kalmar konstmuseum.<\/p>\n<div id=\"attachment_2097\" style=\"width: 220px\" class=\"wp-caption alignnone\"><a href=\"https:\/\/www.kalmarkonstmuseum.se\/wp-content\/uploads\/2015\/07\/Luftens-rattor-katalog-webb.pdf\"><img loading=\"lazy\" decoding=\"async\" aria-describedby=\"caption-attachment-2097\" class=\"wp-image-2097 size-medium\" src=\"https:\/\/www.kalmarkonstmuseum.se\/designarkivet\/wp-content\/uploads\/sites\/4\/2024\/01\/luftensrattor-katalog-210x300.jpg\" alt=\"\" width=\"210\" height=\"300\" srcset=\"https:\/\/www.kalmarkonstmuseum.se\/designarkivet\/wp-content\/uploads\/sites\/4\/2024\/01\/luftensrattor-katalog-210x300.jpg 210w, https:\/\/www.kalmarkonstmuseum.se\/designarkivet\/wp-content\/uploads\/sites\/4\/2024\/01\/luftensrattor-katalog.jpg 300w\" sizes=\"auto, (max-width: 210px) 100vw, 210px\" \/><\/a><p id=\"caption-attachment-2097\" class=\"wp-caption-text\"><a href=\"https:\/\/www.kalmarkonstmuseum.se\/wp-content\/uploads\/2015\/07\/Luftens-rattor-katalog-webb.pdf\">Ladda ned utst\u00e4llningskatalogen<\/a><\/p><\/div>\n<p>&nbsp;<\/p>\n","protected":false},"excerpt":{"rendered":"<p>Tyra Lundgren 4 juli \u2013 1 november 2015 Kalmar konstmuseum Hur \u00e4r v\u00e5ra k\u00e4nslor och relationer till stadsf\u00e5glar? De \u00e4r bes\u00f6kare fr\u00e5n naturen som lever parallella liv med oss. Duvor, kr\u00e5kf\u00e5glar och m\u00e5sar v\u00e4cker ont blod n\u00e4r de skr\u00e4nar och [&hellip;]<\/p>\n","protected":false},"author":66,"featured_media":2099,"comment_status":"closed","ping_status":"closed","sticky":false,"template":"","format":"standard","meta":{"_exactmetrics_skip_tracking":false,"_exactmetrics_sitenote_active":false,"_exactmetrics_sitenote_note":"","_exactmetrics_sitenote_category":0,"footnotes":""},"categories":[9],"tags":[],"class_list":["post-2096","post","type-post","status-publish","format-standard","has-post-thumbnail","hentry","category-utstallningar"],"_links":{"self":[{"href":"https:\/\/www.kalmarkonstmuseum.se\/designarkivet\/wp-json\/wp\/v2\/posts\/2096","targetHints":{"allow":["GET"]}}],"collection":[{"href":"https:\/\/www.kalmarkonstmuseum.se\/designarkivet\/wp-json\/wp\/v2\/posts"}],"about":[{"href":"https:\/\/www.kalmarkonstmuseum.se\/designarkivet\/wp-json\/wp\/v2\/types\/post"}],"author":[{"embeddable":true,"href":"https:\/\/www.kalmarkonstmuseum.se\/designarkivet\/wp-json\/wp\/v2\/users\/66"}],"replies":[{"embeddable":true,"href":"https:\/\/www.kalmarkonstmuseum.se\/designarkivet\/wp-json\/wp\/v2\/comments?post=2096"}],"version-history":[{"count":1,"href":"https:\/\/www.kalmarkonstmuseum.se\/designarkivet\/wp-json\/wp\/v2\/posts\/2096\/revisions"}],"predecessor-version":[{"id":2098,"href":"https:\/\/www.kalmarkonstmuseum.se\/designarkivet\/wp-json\/wp\/v2\/posts\/2096\/revisions\/2098"}],"wp:featuredmedia":[{"embeddable":true,"href":"https:\/\/www.kalmarkonstmuseum.se\/designarkivet\/wp-json\/wp\/v2\/media\/2099"}],"wp:attachment":[{"href":"https:\/\/www.kalmarkonstmuseum.se\/designarkivet\/wp-json\/wp\/v2\/media?parent=2096"}],"wp:term":[{"taxonomy":"category","embeddable":true,"href":"https:\/\/www.kalmarkonstmuseum.se\/designarkivet\/wp-json\/wp\/v2\/categories?post=2096"},{"taxonomy":"post_tag","embeddable":true,"href":"https:\/\/www.kalmarkonstmuseum.se\/designarkivet\/wp-json\/wp\/v2\/tags?post=2096"}],"curies":[{"name":"wp","href":"https:\/\/api.w.org\/{rel}","templated":true}]}}