{"id":2157,"date":"2024-02-04T10:39:13","date_gmt":"2024-02-04T09:39:13","guid":{"rendered":"https:\/\/www.kalmarkonstmuseum.se\/designarkivet\/?p=2157"},"modified":"2024-02-05T13:47:02","modified_gmt":"2024-02-05T12:47:02","slug":"nytt-pa-digitaltmuseum-maud-fredin-fredholm","status":"publish","type":"post","link":"https:\/\/www.kalmarkonstmuseum.se\/designarkivet\/nytt-pa-digitaltmuseum-maud-fredin-fredholm\/","title":{"rendered":"Nytt p\u00e5 DigitaltMuseum: Maud Fredin-Fredholm"},"content":{"rendered":"<p>H\u00e4r kommer en nyhet f\u00f6r alla f\u00e4rg- och mode\u00e4lskare \u2013 v\u00e5rt material av textil- och modeformgivaren Maud Fredin-Fredholm \u00e4r nu s\u00f6kbart p\u00e5 <a href=\"https:\/\/digitaltmuseum.se\/s-da\">DigitaltMuseum<\/a>!<\/p>\n<p>Maud Fredin-Fredholm (1919\u20132013) r\u00e4knas till en av Sveriges st\u00f6rsta textilkonstn\u00e4rer. Hon etablerade egen atelj\u00e9 1945 d\u00e4r hon \u00e5rligen skapade tv\u00e5 kollektioner med kl\u00e4der och tyger \u00e4nda fram till 1995. Under 1950\u20131970-talen var hon en av de mest tongivande textilformgivarna i Sverige. Nu finns n\u00e4rmare 300 arkivalier i form av kl\u00e4desplagg, skisser och hemtextilier att f\u00f6rkovra sig i p\u00e5 DigitaltMuseum!<\/p>\n<p>Stort tack till dottern Ann-Charlotte Fredholm f\u00f6r f\u00f6rtroendet och till Katrin \u00d6berg f\u00f6r hj\u00e4lp med m\u00f6nsteridentifiering och datering.<\/p>\n<p><a href=\"https:\/\/digitaltmuseum.se\/search\/?q=maud+fredin-fredholm&amp;aq=owner%3F%3A%22S-DA%22\">Till Maud Fredin-Fredholm-samlingen &gt; &gt;<\/a><\/p>\n<div id=\"attachment_2158\" style=\"width: 650px\" class=\"wp-caption aligncenter\"><a href=\"https:\/\/digitaltmuseum.se\/0210614230746\/skiss-textilmonster\"><img loading=\"lazy\" decoding=\"async\" aria-describedby=\"caption-attachment-2158\" class=\"wp-image-2158 size-large\" src=\"https:\/\/www.kalmarkonstmuseum.se\/designarkivet\/wp-content\/uploads\/sites\/4\/2024\/02\/da2016-3-301-1024x450.jpg\" alt=\"\" width=\"640\" height=\"281\" srcset=\"https:\/\/www.kalmarkonstmuseum.se\/designarkivet\/wp-content\/uploads\/sites\/4\/2024\/02\/da2016-3-301-1024x450.jpg 1024w, https:\/\/www.kalmarkonstmuseum.se\/designarkivet\/wp-content\/uploads\/sites\/4\/2024\/02\/da2016-3-301-300x132.jpg 300w, https:\/\/www.kalmarkonstmuseum.se\/designarkivet\/wp-content\/uploads\/sites\/4\/2024\/02\/da2016-3-301-768x337.jpg 768w, https:\/\/www.kalmarkonstmuseum.se\/designarkivet\/wp-content\/uploads\/sites\/4\/2024\/02\/da2016-3-301-1536x675.jpg 1536w, https:\/\/www.kalmarkonstmuseum.se\/designarkivet\/wp-content\/uploads\/sites\/4\/2024\/02\/da2016-3-301-2048x900.jpg 2048w\" sizes=\"auto, (max-width: 640px) 100vw, 640px\" \/><\/a><p id=\"caption-attachment-2158\" class=\"wp-caption-text\"><a href=\"https:\/\/digitaltmuseum.se\/0210614230746\/skiss-textilmonster\">Skiss till textilm\u00f6nster<\/a>, Maud Fredin-Fredholm, utan \u00e5rtal<\/p><\/div>\n<div id=\"attachment_2159\" style=\"width: 650px\" class=\"wp-caption aligncenter\"><a href=\"https:\/\/digitaltmuseum.se\/0210614230763\/brynja-textilmonster\"><img loading=\"lazy\" decoding=\"async\" aria-describedby=\"caption-attachment-2159\" class=\"wp-image-2159 size-large\" src=\"https:\/\/www.kalmarkonstmuseum.se\/designarkivet\/wp-content\/uploads\/sites\/4\/2024\/02\/mff_3_319_sajt-1024x691.jpg\" alt=\"\" width=\"640\" height=\"432\" srcset=\"https:\/\/www.kalmarkonstmuseum.se\/designarkivet\/wp-content\/uploads\/sites\/4\/2024\/02\/mff_3_319_sajt-1024x691.jpg 1024w, https:\/\/www.kalmarkonstmuseum.se\/designarkivet\/wp-content\/uploads\/sites\/4\/2024\/02\/mff_3_319_sajt-300x203.jpg 300w, https:\/\/www.kalmarkonstmuseum.se\/designarkivet\/wp-content\/uploads\/sites\/4\/2024\/02\/mff_3_319_sajt-768x518.jpg 768w, https:\/\/www.kalmarkonstmuseum.se\/designarkivet\/wp-content\/uploads\/sites\/4\/2024\/02\/mff_3_319_sajt-1536x1037.jpg 1536w, https:\/\/www.kalmarkonstmuseum.se\/designarkivet\/wp-content\/uploads\/sites\/4\/2024\/02\/mff_3_319_sajt-2048x1383.jpg 2048w\" sizes=\"auto, (max-width: 640px) 100vw, 640px\" \/><\/a><p id=\"caption-attachment-2159\" class=\"wp-caption-text\"><a href=\"https:\/\/digitaltmuseum.se\/0210614230763\/brynja-textilmonster\"><i>Brynja<\/i><\/a>, skiss till bussarong, Maud Fredin-Fredholm, 1960-tal<\/p><\/div>\n<div id=\"attachment_2160\" style=\"width: 650px\" class=\"wp-caption aligncenter\"><a href=\"https:\/\/digitaltmuseum.se\/0210614230412\/brynja-blus\"><img loading=\"lazy\" decoding=\"async\" aria-describedby=\"caption-attachment-2160\" class=\"wp-image-2160 size-large\" src=\"https:\/\/www.kalmarkonstmuseum.se\/designarkivet\/wp-content\/uploads\/sites\/4\/2024\/02\/mff_4_108_sajt-1024x680.jpg\" alt=\"\" width=\"640\" height=\"425\" srcset=\"https:\/\/www.kalmarkonstmuseum.se\/designarkivet\/wp-content\/uploads\/sites\/4\/2024\/02\/mff_4_108_sajt-1024x680.jpg 1024w, https:\/\/www.kalmarkonstmuseum.se\/designarkivet\/wp-content\/uploads\/sites\/4\/2024\/02\/mff_4_108_sajt-300x199.jpg 300w, https:\/\/www.kalmarkonstmuseum.se\/designarkivet\/wp-content\/uploads\/sites\/4\/2024\/02\/mff_4_108_sajt-768x510.jpg 768w, https:\/\/www.kalmarkonstmuseum.se\/designarkivet\/wp-content\/uploads\/sites\/4\/2024\/02\/mff_4_108_sajt-1536x1020.jpg 1536w, https:\/\/www.kalmarkonstmuseum.se\/designarkivet\/wp-content\/uploads\/sites\/4\/2024\/02\/mff_4_108_sajt-2048x1360.jpg 2048w\" sizes=\"auto, (max-width: 640px) 100vw, 640px\" \/><\/a><p id=\"caption-attachment-2160\" class=\"wp-caption-text\"><a href=\"https:\/\/digitaltmuseum.se\/0210614230412\/brynja-blus\">Bussarong modell <i>Brynja<\/i><\/a>, Maud Fredin-Fredholm, 1960-tal<\/p><\/div>\n","protected":false},"excerpt":{"rendered":"<p>H\u00e4r kommer en nyhet f\u00f6r alla f\u00e4rg- och mode\u00e4lskare \u2013 v\u00e5rt material av textil- och modeformgivaren Maud Fredin-Fredholm \u00e4r nu s\u00f6kbart p\u00e5 DigitaltMuseum! Maud Fredin-Fredholm (1919\u20132013) r\u00e4knas till en av Sveriges st\u00f6rsta textilkonstn\u00e4rer. Hon etablerade egen atelj\u00e9 1945 d\u00e4r hon [&hellip;]<\/p>\n","protected":false},"author":66,"featured_media":2158,"comment_status":"closed","ping_status":"closed","sticky":false,"template":"","format":"standard","meta":{"_exactmetrics_skip_tracking":false,"_exactmetrics_sitenote_active":false,"_exactmetrics_sitenote_note":"","_exactmetrics_sitenote_category":0,"footnotes":""},"categories":[15],"tags":[],"class_list":["post-2157","post","type-post","status-publish","format-standard","has-post-thumbnail","hentry","category-nyheter"],"_links":{"self":[{"href":"https:\/\/www.kalmarkonstmuseum.se\/designarkivet\/wp-json\/wp\/v2\/posts\/2157","targetHints":{"allow":["GET"]}}],"collection":[{"href":"https:\/\/www.kalmarkonstmuseum.se\/designarkivet\/wp-json\/wp\/v2\/posts"}],"about":[{"href":"https:\/\/www.kalmarkonstmuseum.se\/designarkivet\/wp-json\/wp\/v2\/types\/post"}],"author":[{"embeddable":true,"href":"https:\/\/www.kalmarkonstmuseum.se\/designarkivet\/wp-json\/wp\/v2\/users\/66"}],"replies":[{"embeddable":true,"href":"https:\/\/www.kalmarkonstmuseum.se\/designarkivet\/wp-json\/wp\/v2\/comments?post=2157"}],"version-history":[{"count":12,"href":"https:\/\/www.kalmarkonstmuseum.se\/designarkivet\/wp-json\/wp\/v2\/posts\/2157\/revisions"}],"predecessor-version":[{"id":2172,"href":"https:\/\/www.kalmarkonstmuseum.se\/designarkivet\/wp-json\/wp\/v2\/posts\/2157\/revisions\/2172"}],"wp:featuredmedia":[{"embeddable":true,"href":"https:\/\/www.kalmarkonstmuseum.se\/designarkivet\/wp-json\/wp\/v2\/media\/2158"}],"wp:attachment":[{"href":"https:\/\/www.kalmarkonstmuseum.se\/designarkivet\/wp-json\/wp\/v2\/media?parent=2157"}],"wp:term":[{"taxonomy":"category","embeddable":true,"href":"https:\/\/www.kalmarkonstmuseum.se\/designarkivet\/wp-json\/wp\/v2\/categories?post=2157"},{"taxonomy":"post_tag","embeddable":true,"href":"https:\/\/www.kalmarkonstmuseum.se\/designarkivet\/wp-json\/wp\/v2\/tags?post=2157"}],"curies":[{"name":"wp","href":"https:\/\/api.w.org\/{rel}","templated":true}]}}