{"id":2209,"date":"2024-05-02T16:49:47","date_gmt":"2024-05-02T14:49:47","guid":{"rendered":"https:\/\/www.kalmarkonstmuseum.se\/designarkivet\/?p=2209"},"modified":"2024-05-23T10:03:46","modified_gmt":"2024-05-23T08:03:46","slug":"vernissage-och-bokslapp","status":"publish","type":"post","link":"https:\/\/www.kalmarkonstmuseum.se\/designarkivet\/vernissage-och-bokslapp\/","title":{"rendered":"VERNISSAGE OCH BOKSL\u00c4PP"},"content":{"rendered":"<h4>L\u00f6rdag 1 juni, 13.00<br \/>\nDesignarkivet, <a href=\"https:\/\/maps.app.goo.gl\/t9MdzHsAJuNnnsiQ7\">hitta hit<\/a><\/h4>\n<p>I utst\u00e4llningen <a href=\"https:\/\/www.kalmarkonstmuseum.se\/designarkivet\/aktuell-utstallning\/\" data-cke-saved-href=\"https:\/\/www.kalmarkonstmuseum.se\/designarkivet\/aktuell-utstallning\/\"><em>G\u00f6ta Tr\u00e4g\u00e5rdh \u2013 Mode, m\u00f6nster, m\u00f6ten<\/em><\/a> visar Designarkivet en kavalkad av m\u00f6nster och mode ur samlingen med fokus p\u00e5 textilformgivaren och modeillustrat\u00f6ren G\u00f6ta Tr\u00e4g\u00e5rdh och kretsen av formgivare kring henne.<\/p>\n<p>I samband med utst\u00e4llningen sl\u00e4pps \u00e4ven boken <em>G\u00f6ta Tr\u00e4g\u00e5rdh \u2013 Mode, m\u00f6nster, m\u00f6ten<\/em> av Anna H\u00e4ggblom St\u00e5lhammar f\u00f6r Appell f\u00f6rlag. Boken, likt utst\u00e4llningen, \u00e4r ett f\u00e4rgstarkt collage d\u00e4r minnen, historier, m\u00f6nster och illustrationer lagts till varandra.<\/p>\n<p>Utst\u00e4llningen \u00f6ppnas l\u00f6rdag 1 juni av textilsamlaren Sara Axtelius, f\u00f6rfattaren bakom <em>Tyger vi minns<\/em>-b\u00f6ckerna (Ordalaget 2017; 2018). Utst\u00e4llningens medcuratorer Ola St\u00e5lhammar och Anna H\u00e4ggblom St\u00e5lhammar ber\u00e4ttar om upprinnelsen till utst\u00e4llningen och boken och arkivchef Bettina Pehrsson ber\u00e4ttar om Designarkivets ny\u00f6ppnande. Vi f\u00e5r \u00e4ven h\u00f6ra ett par ord fr\u00e5n Li Thies-Lagergren, barnbarn till G\u00f6ta Tr\u00e4g\u00e5rdh.<\/p>\n<p>D\u00f6rrarna \u00f6ppnar kl.13.00, programmet b\u00f6rjar 13.30.<br \/>\nVarmt v\u00e4lkomna!<\/p>\n","protected":false},"excerpt":{"rendered":"<p>L\u00f6rdag 1 juni, 13.00 Designarkivet, hitta hit I utst\u00e4llningen G\u00f6ta Tr\u00e4g\u00e5rdh \u2013 Mode, m\u00f6nster, m\u00f6ten visar Designarkivet en kavalkad av m\u00f6nster och mode ur samlingen med fokus p\u00e5 textilformgivaren och modeillustrat\u00f6ren G\u00f6ta Tr\u00e4g\u00e5rdh och kretsen av formgivare kring henne. I [&hellip;]<\/p>\n","protected":false},"author":66,"featured_media":2222,"comment_status":"closed","ping_status":"closed","sticky":false,"template":"","format":"standard","meta":{"_exactmetrics_skip_tracking":false,"_exactmetrics_sitenote_active":false,"_exactmetrics_sitenote_note":"","_exactmetrics_sitenote_category":0,"footnotes":""},"categories":[7,15],"tags":[],"class_list":["post-2209","post","type-post","status-publish","format-standard","has-post-thumbnail","hentry","category-evenemang","category-nyheter"],"_links":{"self":[{"href":"https:\/\/www.kalmarkonstmuseum.se\/designarkivet\/wp-json\/wp\/v2\/posts\/2209","targetHints":{"allow":["GET"]}}],"collection":[{"href":"https:\/\/www.kalmarkonstmuseum.se\/designarkivet\/wp-json\/wp\/v2\/posts"}],"about":[{"href":"https:\/\/www.kalmarkonstmuseum.se\/designarkivet\/wp-json\/wp\/v2\/types\/post"}],"author":[{"embeddable":true,"href":"https:\/\/www.kalmarkonstmuseum.se\/designarkivet\/wp-json\/wp\/v2\/users\/66"}],"replies":[{"embeddable":true,"href":"https:\/\/www.kalmarkonstmuseum.se\/designarkivet\/wp-json\/wp\/v2\/comments?post=2209"}],"version-history":[{"count":7,"href":"https:\/\/www.kalmarkonstmuseum.se\/designarkivet\/wp-json\/wp\/v2\/posts\/2209\/revisions"}],"predecessor-version":[{"id":2247,"href":"https:\/\/www.kalmarkonstmuseum.se\/designarkivet\/wp-json\/wp\/v2\/posts\/2209\/revisions\/2247"}],"wp:featuredmedia":[{"embeddable":true,"href":"https:\/\/www.kalmarkonstmuseum.se\/designarkivet\/wp-json\/wp\/v2\/media\/2222"}],"wp:attachment":[{"href":"https:\/\/www.kalmarkonstmuseum.se\/designarkivet\/wp-json\/wp\/v2\/media?parent=2209"}],"wp:term":[{"taxonomy":"category","embeddable":true,"href":"https:\/\/www.kalmarkonstmuseum.se\/designarkivet\/wp-json\/wp\/v2\/categories?post=2209"},{"taxonomy":"post_tag","embeddable":true,"href":"https:\/\/www.kalmarkonstmuseum.se\/designarkivet\/wp-json\/wp\/v2\/tags?post=2209"}],"curies":[{"name":"wp","href":"https:\/\/api.w.org\/{rel}","templated":true}]}}