{"id":2284,"date":"2024-08-21T15:14:28","date_gmt":"2024-08-21T13:14:28","guid":{"rendered":"https:\/\/www.kalmarkonstmuseum.se\/designarkivet\/?p=2284"},"modified":"2024-08-21T15:25:17","modified_gmt":"2024-08-21T13:25:17","slug":"extra-oppet-under-konst-runt","status":"publish","type":"post","link":"https:\/\/www.kalmarkonstmuseum.se\/designarkivet\/extra-oppet-under-konst-runt\/","title":{"rendered":"EXTRA \u00d6PPET UNDER KONST RUNT"},"content":{"rendered":"<p>Designarkivet h\u00e5ller extra \u00f6ppet med anledning av Konst runt!<\/p>\n<p>Andra helgen i september \u00e4r det dags f\u00f6r den anrika konstrundan <a href=\"https:\/\/www.konstrunt.nu\/\">Konst runt<\/a>! Runt om i Nybro, Tors\u00e5s, Emmaboda kommuner och Kalmar kommuns landsbygd \u00f6ppnar yrkesverksamma konstn\u00e4rer upp sina atelj\u00e9er f\u00f6r allm\u00e4nheten. Traditionsenligt visas samtliga deltagare i en gemensam <a href=\"https:\/\/www.konstrunt.nu\/samlingsutstallning\/\">samlingsutst\u00e4llning<\/a> som i \u00e5r arrangeras h\u00e4r i Pukeberg. Ut\u00f6ver samlingsutst\u00e4llningen medverkar \u00e4ven flera av konstn\u00e4rerna hos Atelj\u00e9hus Pukeberg med \u00f6ppna atelj\u00e9er. Hitta till konstn\u00e4rernas atelj\u00e9er och l\u00e4s mer om vad som h\u00e4nder i Pukeberg under konstrundan p\u00e5 <a href=\"https:\/\/www.konstrunt.nu\/\">konstrunt.nu<\/a><\/p>\n<p><strong>Designarkivets \u00f6ppettider<\/strong><br \/>\nfredag 6 september: 11\u201315, 17\u201319.30<br \/>\nl\u00f6rdag 7 september: 10\u201317<br \/>\ns\u00f6ndag 8 september: 10\u201317<\/p>\n<p>&nbsp;<\/p>\n","protected":false},"excerpt":{"rendered":"<p>Designarkivet h\u00e5ller extra \u00f6ppet med anledning av Konst runt! Andra helgen i september \u00e4r det dags f\u00f6r den anrika konstrundan Konst runt! Runt om i Nybro, Tors\u00e5s, Emmaboda kommuner och Kalmar kommuns landsbygd \u00f6ppnar yrkesverksamma konstn\u00e4rer upp sina atelj\u00e9er f\u00f6r [&hellip;]<\/p>\n","protected":false},"author":66,"featured_media":2289,"comment_status":"closed","ping_status":"closed","sticky":false,"template":"","format":"standard","meta":{"_exactmetrics_skip_tracking":false,"_exactmetrics_sitenote_active":false,"_exactmetrics_sitenote_note":"","_exactmetrics_sitenote_category":0,"footnotes":""},"categories":[7],"tags":[],"class_list":["post-2284","post","type-post","status-publish","format-standard","has-post-thumbnail","hentry","category-evenemang"],"_links":{"self":[{"href":"https:\/\/www.kalmarkonstmuseum.se\/designarkivet\/wp-json\/wp\/v2\/posts\/2284","targetHints":{"allow":["GET"]}}],"collection":[{"href":"https:\/\/www.kalmarkonstmuseum.se\/designarkivet\/wp-json\/wp\/v2\/posts"}],"about":[{"href":"https:\/\/www.kalmarkonstmuseum.se\/designarkivet\/wp-json\/wp\/v2\/types\/post"}],"author":[{"embeddable":true,"href":"https:\/\/www.kalmarkonstmuseum.se\/designarkivet\/wp-json\/wp\/v2\/users\/66"}],"replies":[{"embeddable":true,"href":"https:\/\/www.kalmarkonstmuseum.se\/designarkivet\/wp-json\/wp\/v2\/comments?post=2284"}],"version-history":[{"count":3,"href":"https:\/\/www.kalmarkonstmuseum.se\/designarkivet\/wp-json\/wp\/v2\/posts\/2284\/revisions"}],"predecessor-version":[{"id":2291,"href":"https:\/\/www.kalmarkonstmuseum.se\/designarkivet\/wp-json\/wp\/v2\/posts\/2284\/revisions\/2291"}],"wp:featuredmedia":[{"embeddable":true,"href":"https:\/\/www.kalmarkonstmuseum.se\/designarkivet\/wp-json\/wp\/v2\/media\/2289"}],"wp:attachment":[{"href":"https:\/\/www.kalmarkonstmuseum.se\/designarkivet\/wp-json\/wp\/v2\/media?parent=2284"}],"wp:term":[{"taxonomy":"category","embeddable":true,"href":"https:\/\/www.kalmarkonstmuseum.se\/designarkivet\/wp-json\/wp\/v2\/categories?post=2284"},{"taxonomy":"post_tag","embeddable":true,"href":"https:\/\/www.kalmarkonstmuseum.se\/designarkivet\/wp-json\/wp\/v2\/tags?post=2284"}],"curies":[{"name":"wp","href":"https:\/\/api.w.org\/{rel}","templated":true}]}}