{"id":2318,"date":"2024-09-20T10:25:54","date_gmt":"2024-09-20T08:25:54","guid":{"rendered":"https:\/\/www.kalmarkonstmuseum.se\/designarkivet\/?p=2318"},"modified":"2024-09-24T09:22:22","modified_gmt":"2024-09-24T07:22:22","slug":"smaland-som-ett-potentiellt-designarkiv","status":"publish","type":"post","link":"https:\/\/www.kalmarkonstmuseum.se\/designarkivet\/smaland-som-ett-potentiellt-designarkiv\/","title":{"rendered":"Sm\u00e5land som ett potentiellt designarkiv"},"content":{"rendered":"<p><b><span data-contrast=\"auto\">Hur levde de riktigt fattiga under 1800-talet? Hur var det att arbeta i de olika sm\u00e5l\u00e4ndska industrierna? I gestaltningen <em>Sm\u00e5land som ett potentiellt designarkiv<\/em> kan du uppt\u00e4cka och hitta till n\u00e5gra av alla de m\u00e5nga museer, arkiv, hembygdsg\u00e5rdar och andra designhistoriskt intressanta ber\u00e4ttelser som finns h\u00e4r i Sm\u00e5land.\u00a0<\/span><\/b><span data-ccp-props=\"{&quot;201341983&quot;:0,&quot;335559739&quot;:160,&quot;335559740&quot;:259}\">\u00a0<\/span><\/p>\n<p><span data-contrast=\"auto\">I denna gestaltning, med grafisk form av Lisa Olausson, har n\u00e5gra av de m\u00e5nga sm\u00e5l\u00e4ndska designhistorier vi l\u00e4rde k\u00e4nna under projektet <a href=\"https:\/\/www.kalmarkonstmuseum.se\/designarkivet\/projekt-samarbeten\/aktuella-projekt\/\">L\u00e4ra <\/a><\/span><a href=\"https:\/\/www.kalmarkonstmuseum.se\/designarkivet\/projekt-samarbeten\/aktuella-projekt\/\">om<\/a><span data-contrast=\"auto\"><a href=\"https:\/\/www.kalmarkonstmuseum.se\/designarkivet\/projekt-samarbeten\/aktuella-projekt\/\"> arkivet<\/a> f\u00e5tt en fysisk form. Brokighet, tillg\u00e4nglighet, hantverksm\u00e4ssighet har varit n\u00e5gra av gestaltningens nyckelord. H\u00e4r visas flera element fr\u00e5n L\u00e4ra <em>om<\/em> arkivets olika projekt. Sm\u00e5landskartan, formgiven av Evelina Mohei med papper fr\u00e5n Lessebo handpappersbruk, \u00e4r central i projektet med sin perspektivsammanfl\u00e4tande funktion, illustrat\u00f6ren Annika Elmqvists illustrationer p\u00e5 glas hyllar det historieskrivande projektet och f\u00f6rebilden Glasriket \u2013 m\u00e4nniskan, milj\u00f6n, framtiden och p\u00e5 bord av skadat tr\u00e4, framtagna av MADAM snickeri, finns ett antal lokala designhistoriska titlar \u2013 l\u00e4s om luffarnas liv och leverne, om livet p\u00e5 Bodafors m\u00f6belfabriker och mycket mer.<\/span><span data-ccp-props=\"{&quot;201341983&quot;:0,&quot;335559739&quot;:160,&quot;335559740&quot;:259}\"><br \/>\n<\/span><\/p>\n<p><!--more--><\/p>\n<p><span data-contrast=\"auto\">I projektet L\u00e4ra <\/span><i><span data-contrast=\"auto\">om <\/span><\/i><span data-contrast=\"auto\">arkivet (2021\u20132023) samarbetade Designarkivet med hantverks- och designhistoriker Christina Zetterlund f\u00f6r att testa ett annat s\u00e4tt att g\u00f6ra ett designarkiv. Tillsammans med en kunnig skara fr\u00e5n n\u00e5gra av Sm\u00e5lands m\u00e5nga historiska n\u00e4tverk har vi skrivit en brokig historia om olika vardagar, materialkunskaper och hantverk. Sm\u00e5land som ett potentiellt designarkiv \u00e4r ett av resultaten av detta arbete. Gestaltningen m\u00f6jliggjordes i samarbete med Kalmar konstmuseums residensprogram Bodycake.<\/span><span data-ccp-props=\"{&quot;201341983&quot;:0,&quot;335559739&quot;:160,&quot;335559740&quot;:259}\">\u00a0<\/span><\/p>\n<p><span data-contrast=\"auto\">Nyfiken p\u00e5 L\u00e4ra <em>om<\/em> arkivet? Bes\u00f6k<a href=\"https:\/\/laraomarkivet.se\"> laraomarkivet.se<\/a>!<\/span><span data-ccp-props=\"{&quot;201341983&quot;:0,&quot;335559739&quot;:160,&quot;335559740&quot;:259}\">\u00a0<\/span><\/p>\n<p><a href=\"https:\/\/www.kalmarkonstmuseum.se\/designarkivet\/wp-content\/uploads\/sites\/4\/2024\/09\/img_4885-3-scaled.jpg\"><img loading=\"lazy\" decoding=\"async\" class=\"wp-image-2321 size-full\" src=\"https:\/\/www.kalmarkonstmuseum.se\/designarkivet\/wp-content\/uploads\/sites\/4\/2024\/09\/img_4885-3-scaled.jpg\" alt=\"\" width=\"2560\" height=\"1707\" srcset=\"https:\/\/www.kalmarkonstmuseum.se\/designarkivet\/wp-content\/uploads\/sites\/4\/2024\/09\/img_4885-3-scaled.jpg 2560w, https:\/\/www.kalmarkonstmuseum.se\/designarkivet\/wp-content\/uploads\/sites\/4\/2024\/09\/img_4885-3-300x200.jpg 300w, https:\/\/www.kalmarkonstmuseum.se\/designarkivet\/wp-content\/uploads\/sites\/4\/2024\/09\/img_4885-3-1024x683.jpg 1024w, https:\/\/www.kalmarkonstmuseum.se\/designarkivet\/wp-content\/uploads\/sites\/4\/2024\/09\/img_4885-3-768x512.jpg 768w, https:\/\/www.kalmarkonstmuseum.se\/designarkivet\/wp-content\/uploads\/sites\/4\/2024\/09\/img_4885-3-1536x1024.jpg 1536w, https:\/\/www.kalmarkonstmuseum.se\/designarkivet\/wp-content\/uploads\/sites\/4\/2024\/09\/img_4885-3-2048x1365.jpg 2048w\" sizes=\"auto, (max-width: 2560px) 100vw, 2560px\" \/><\/a><\/p>\n<p style=\"text-align: left;\"><i>Sm\u00e5land som ett potentiellt designarkiv<\/i> \u00e4r ett av resultaten av det tre\u00e5riga utvecklingsprojektet L\u00e4ra <i>om<\/i> arkivet. Grafisk form och gestaltning av Lisa Olausson.<\/p>\n<p><a href=\"https:\/\/www.kalmarkonstmuseum.se\/designarkivet\/wp-content\/uploads\/sites\/4\/2024\/09\/img_4910-1-scaled.jpg\"><img loading=\"lazy\" decoding=\"async\" class=\"wp-image-2319 size-full\" src=\"https:\/\/www.kalmarkonstmuseum.se\/designarkivet\/wp-content\/uploads\/sites\/4\/2024\/09\/img_4910-1-scaled.jpg\" alt=\"\" width=\"2560\" height=\"1707\" srcset=\"https:\/\/www.kalmarkonstmuseum.se\/designarkivet\/wp-content\/uploads\/sites\/4\/2024\/09\/img_4910-1-scaled.jpg 2560w, https:\/\/www.kalmarkonstmuseum.se\/designarkivet\/wp-content\/uploads\/sites\/4\/2024\/09\/img_4910-1-300x200.jpg 300w, https:\/\/www.kalmarkonstmuseum.se\/designarkivet\/wp-content\/uploads\/sites\/4\/2024\/09\/img_4910-1-1024x683.jpg 1024w, https:\/\/www.kalmarkonstmuseum.se\/designarkivet\/wp-content\/uploads\/sites\/4\/2024\/09\/img_4910-1-768x512.jpg 768w, https:\/\/www.kalmarkonstmuseum.se\/designarkivet\/wp-content\/uploads\/sites\/4\/2024\/09\/img_4910-1-1536x1024.jpg 1536w, https:\/\/www.kalmarkonstmuseum.se\/designarkivet\/wp-content\/uploads\/sites\/4\/2024\/09\/img_4910-1-2048x1365.jpg 2048w\" sizes=\"auto, (max-width: 2560px) 100vw, 2560px\" \/><\/a><\/p>\n<p style=\"text-align: left;\">Sm\u00e5landskarta av papper fr\u00e5n Lessebo handpappersbruk gjord av Evelina Mohei. Kartan med sin perspektivsammanfl\u00e4tande funktion \u00e4r central i L\u00e4ra <i>om<\/i> arkivet.<\/p>\n<p><a href=\"https:\/\/www.kalmarkonstmuseum.se\/designarkivet\/wp-content\/uploads\/sites\/4\/2024\/09\/img_4827-1_2-scaled.jpg\"><img loading=\"lazy\" decoding=\"async\" class=\"wp-image-2320 size-full\" src=\"https:\/\/www.kalmarkonstmuseum.se\/designarkivet\/wp-content\/uploads\/sites\/4\/2024\/09\/img_4827-1_2-scaled.jpg\" alt=\"\" width=\"2560\" height=\"1707\" srcset=\"https:\/\/www.kalmarkonstmuseum.se\/designarkivet\/wp-content\/uploads\/sites\/4\/2024\/09\/img_4827-1_2-scaled.jpg 2560w, https:\/\/www.kalmarkonstmuseum.se\/designarkivet\/wp-content\/uploads\/sites\/4\/2024\/09\/img_4827-1_2-300x200.jpg 300w, https:\/\/www.kalmarkonstmuseum.se\/designarkivet\/wp-content\/uploads\/sites\/4\/2024\/09\/img_4827-1_2-1024x683.jpg 1024w, https:\/\/www.kalmarkonstmuseum.se\/designarkivet\/wp-content\/uploads\/sites\/4\/2024\/09\/img_4827-1_2-768x512.jpg 768w, https:\/\/www.kalmarkonstmuseum.se\/designarkivet\/wp-content\/uploads\/sites\/4\/2024\/09\/img_4827-1_2-1536x1024.jpg 1536w, https:\/\/www.kalmarkonstmuseum.se\/designarkivet\/wp-content\/uploads\/sites\/4\/2024\/09\/img_4827-1_2-2048x1365.jpg 2048w\" sizes=\"auto, (max-width: 2560px) 100vw, 2560px\" \/><\/a><\/p>\n<p style=\"text-align: left;\">Projektets ber\u00e4ttelser, artiklar och intervjuer har i <i>Sm\u00e5land som potentiellt designarkiv<\/i> f\u00e5tt ta fysisk form. Annika Elmqvists illustrationer p\u00e5 glas och MADAM snickeris bord av skadat tr\u00e4 tillsammans med bladen kommunicerar en omedelbar k\u00e4nsla av projektet.<\/p>\n<p>&nbsp;<\/p>\n","protected":false},"excerpt":{"rendered":"<p>Hur levde de riktigt fattiga under 1800-talet? Hur var det att arbeta i de olika sm\u00e5l\u00e4ndska industrierna? I gestaltningen Sm\u00e5land som ett potentiellt designarkiv kan du uppt\u00e4cka och hitta till n\u00e5gra av alla de m\u00e5nga museer, arkiv, hembygdsg\u00e5rdar och andra [&hellip;]<\/p>\n","protected":false},"author":66,"featured_media":2322,"comment_status":"closed","ping_status":"closed","sticky":false,"template":"","format":"standard","meta":{"_exactmetrics_skip_tracking":false,"_exactmetrics_sitenote_active":false,"_exactmetrics_sitenote_note":"","_exactmetrics_sitenote_category":0,"footnotes":""},"categories":[15],"tags":[],"class_list":["post-2318","post","type-post","status-publish","format-standard","has-post-thumbnail","hentry","category-nyheter"],"_links":{"self":[{"href":"https:\/\/www.kalmarkonstmuseum.se\/designarkivet\/wp-json\/wp\/v2\/posts\/2318","targetHints":{"allow":["GET"]}}],"collection":[{"href":"https:\/\/www.kalmarkonstmuseum.se\/designarkivet\/wp-json\/wp\/v2\/posts"}],"about":[{"href":"https:\/\/www.kalmarkonstmuseum.se\/designarkivet\/wp-json\/wp\/v2\/types\/post"}],"author":[{"embeddable":true,"href":"https:\/\/www.kalmarkonstmuseum.se\/designarkivet\/wp-json\/wp\/v2\/users\/66"}],"replies":[{"embeddable":true,"href":"https:\/\/www.kalmarkonstmuseum.se\/designarkivet\/wp-json\/wp\/v2\/comments?post=2318"}],"version-history":[{"count":8,"href":"https:\/\/www.kalmarkonstmuseum.se\/designarkivet\/wp-json\/wp\/v2\/posts\/2318\/revisions"}],"predecessor-version":[{"id":2332,"href":"https:\/\/www.kalmarkonstmuseum.se\/designarkivet\/wp-json\/wp\/v2\/posts\/2318\/revisions\/2332"}],"wp:featuredmedia":[{"embeddable":true,"href":"https:\/\/www.kalmarkonstmuseum.se\/designarkivet\/wp-json\/wp\/v2\/media\/2322"}],"wp:attachment":[{"href":"https:\/\/www.kalmarkonstmuseum.se\/designarkivet\/wp-json\/wp\/v2\/media?parent=2318"}],"wp:term":[{"taxonomy":"category","embeddable":true,"href":"https:\/\/www.kalmarkonstmuseum.se\/designarkivet\/wp-json\/wp\/v2\/categories?post=2318"},{"taxonomy":"post_tag","embeddable":true,"href":"https:\/\/www.kalmarkonstmuseum.se\/designarkivet\/wp-json\/wp\/v2\/tags?post=2318"}],"curies":[{"name":"wp","href":"https:\/\/api.w.org\/{rel}","templated":true}]}}