{"id":2333,"date":"2024-10-20T10:00:35","date_gmt":"2024-10-20T08:00:35","guid":{"rendered":"https:\/\/www.kalmarkonstmuseum.se\/designarkivet\/?p=2333"},"modified":"2024-10-17T14:45:57","modified_gmt":"2024-10-17T12:45:57","slug":"ny-donation-asa-gray","status":"publish","type":"post","link":"https:\/\/www.kalmarkonstmuseum.se\/designarkivet\/ny-donation-asa-gray\/","title":{"rendered":"Ny donation: \u00c5sa Gray"},"content":{"rendered":"<p><strong>Chefsdesigner, produktchef, professor i textil design och en verksamhet som sp\u00e4nner \u00f6ver allt fr\u00e5n textil till glas och keramik. \u00c5sa Gray har arbetat med praktiskt taget allt inom industridesign och har under \u00e5ren samarbetat med flera ledande f\u00f6retag som Katja of Sweden, Fix och IKEA. Nu kompletterar hon tidigare donationer till Designarkivet med ett antal f\u00e4rgstarka originalskisser.<br \/>\n<\/strong><\/p>\n<p>Redan innan \u00c5sa Gray tog sin examen fr\u00e5n Konstfacks textila avdelning 1972 hade hon s\u00e4krat sin f\u00f6rsta anst\u00e4llning som m\u00f6nsterformgivare p\u00e5 Skandinavisk Milj\u00f6design i Kokkedal, Danmark. D\u00e4r stannade hon i tv\u00e5 \u00e5r f\u00f6r att sedan inleda ett tv\u00e5\u00e5rigt samarbete med Katja Geiger och Katja of Sweden. Sedan dess har hon arbetat inom olika befattningar p\u00e5 f\u00f6retag som Ellte M\u00f6ssor, Fix Trik\u00e5fabriker och IKEA.<\/p>\n<p><!--more--><\/p>\n<p>Efter att ha sett en helsidesannons i Dagens Nyheter d\u00e4r IKEA s\u00f6kte trainees anm\u00e4lde \u00c5sa Gray sitt intresse. \u00d6verkvalificerad f\u00f6r en roll som aspirant anst\u00e4lldes hon i st\u00e4llet som produktchef f\u00f6r badrumstextil 1980 och 1986 b\u00f6rjade hon som formgivare. Det var under tiden p\u00e5 IKEA som Gray utvidgade sitt formgivarskap och b\u00f6rjade formge s\u00e5v\u00e4l metervaror som pappersprogram och keramik. Hon har bland annat arbetat med kollektioner som <em>Tomorrow<\/em> (1987) och 1995 erh\u00f6ll hon utm\u00e4rkelsen Utm\u00e4rkt Svensk Form som en av formgivarna bakom IKEA:s f\u00f6rsta <em>PS<\/em>-kollektion. Tillsammans med maken Tord Bj\u00f6rklund (1939\u20132018), m\u00f6beldesigner, bildade hon 1995 Bj\u00f6rklund &amp; Gray Designstudio. P\u00e5 frilansbasis arbetade de med designuppdrag av allt fr\u00e5n m\u00f6bler till studioglas. I samband med donationen sk\u00e4nker \u00c5sa Gray \u00e4ven referensmaterial och projekt\u00f6versikter fr\u00e5n Tord Bj\u00f6rklunds verksamhet.<\/p>\n<p>Redan nu g\u00e5r det att se tidigare donerat material fr\u00e5n \u00c5sa Gray p\u00e5 <a href=\"https:\/\/digitaltmuseum.se\/search\/?q=%C3%A5sa%20gray&amp;aq=owner%3F%3A%22S-DA%22&amp;o=0&amp;n=60\">digitaltmuseum.se\/s-da<\/a>. Designarkivet tackar \u00c5sa Gray f\u00f6r det fortsatta f\u00f6rtroendet att ta hand om hennes material.<\/p>\n<p>&nbsp;<\/p>\n<div id='gallery-1' class='gallery galleryid-2333 gallery-columns-3 gallery-size-thumbnail'><figure class='gallery-item'>\n\t\t\t<div class='gallery-icon portrait'>\n\t\t\t\t<a href='https:\/\/www.kalmarkonstmuseum.se\/designarkivet\/wp-content\/uploads\/sites\/4\/2024\/09\/tomorrow_ikea_asa-gray_02.jpg'><img loading=\"lazy\" decoding=\"async\" width=\"150\" height=\"150\" src=\"https:\/\/www.kalmarkonstmuseum.se\/designarkivet\/wp-content\/uploads\/sites\/4\/2024\/09\/tomorrow_ikea_asa-gray_02-150x150.jpg\" class=\"attachment-thumbnail size-thumbnail\" alt=\"\" aria-describedby=\"gallery-1-2342\" \/><\/a>\n\t\t\t<\/div>\n\t\t\t\t<figcaption class='wp-caption-text gallery-caption' id='gallery-1-2342'>\n\t\t\t\tFr\u00e5n IKEA:s kollektion <i>Tomorrow<\/i> (1987) d\u00e4r \u00c5sa Gray formgav textilierna.<br>Foto: privat\n\t\t\t\t<\/figcaption><\/figure><figure class='gallery-item'>\n\t\t\t<div class='gallery-icon portrait'>\n\t\t\t\t<a href='https:\/\/www.kalmarkonstmuseum.se\/designarkivet\/wp-content\/uploads\/sites\/4\/2024\/09\/gray014-scaled.jpg'><img loading=\"lazy\" decoding=\"async\" width=\"150\" height=\"150\" src=\"https:\/\/www.kalmarkonstmuseum.se\/designarkivet\/wp-content\/uploads\/sites\/4\/2024\/09\/gray014-150x150.jpg\" class=\"attachment-thumbnail size-thumbnail\" alt=\"\" aria-describedby=\"gallery-1-2334\" \/><\/a>\n\t\t\t<\/div>\n\t\t\t\t<figcaption class='wp-caption-text gallery-caption' id='gallery-1-2334'>\n\t\t\t\t<i>Kofetti<\/i>, \u00c5sa Gray, ej daterad\n\t\t\t\t<\/figcaption><\/figure><figure class='gallery-item'>\n\t\t\t<div class='gallery-icon portrait'>\n\t\t\t\t<a href='https:\/\/www.kalmarkonstmuseum.se\/designarkivet\/wp-content\/uploads\/sites\/4\/2024\/09\/gray015-scaled.jpg'><img loading=\"lazy\" decoding=\"async\" width=\"150\" height=\"150\" src=\"https:\/\/www.kalmarkonstmuseum.se\/designarkivet\/wp-content\/uploads\/sites\/4\/2024\/09\/gray015-150x150.jpg\" class=\"attachment-thumbnail size-thumbnail\" alt=\"\" aria-describedby=\"gallery-1-2335\" \/><\/a>\n\t\t\t<\/div>\n\t\t\t\t<figcaption class='wp-caption-text gallery-caption' id='gallery-1-2335'>\n\t\t\t\tSkiss till m\u00f6nster, \u00c5sa Gray (tidigare Lind\u00e9n), 1971\n\t\t\t\t<\/figcaption><\/figure><figure class='gallery-item'>\n\t\t\t<div class='gallery-icon portrait'>\n\t\t\t\t<a href='https:\/\/www.kalmarkonstmuseum.se\/designarkivet\/wp-content\/uploads\/sites\/4\/2024\/09\/gray016-scaled.jpg'><img loading=\"lazy\" decoding=\"async\" width=\"150\" height=\"150\" src=\"https:\/\/www.kalmarkonstmuseum.se\/designarkivet\/wp-content\/uploads\/sites\/4\/2024\/09\/gray016-150x150.jpg\" class=\"attachment-thumbnail size-thumbnail\" alt=\"\" aria-describedby=\"gallery-1-2336\" \/><\/a>\n\t\t\t<\/div>\n\t\t\t\t<figcaption class='wp-caption-text gallery-caption' id='gallery-1-2336'>\n\t\t\t\tSkiss till tuftad matta med garnprover, \u00c5sa Gray, 1994\n\t\t\t\t<\/figcaption><\/figure><figure class='gallery-item'>\n\t\t\t<div class='gallery-icon landscape'>\n\t\t\t\t<a href='https:\/\/www.kalmarkonstmuseum.se\/designarkivet\/wp-content\/uploads\/sites\/4\/2024\/09\/gray019-scaled.jpg'><img loading=\"lazy\" decoding=\"async\" width=\"150\" height=\"150\" src=\"https:\/\/www.kalmarkonstmuseum.se\/designarkivet\/wp-content\/uploads\/sites\/4\/2024\/09\/gray019-150x150.jpg\" class=\"attachment-thumbnail size-thumbnail\" alt=\"\" aria-describedby=\"gallery-1-2339\" \/><\/a>\n\t\t\t<\/div>\n\t\t\t\t<figcaption class='wp-caption-text gallery-caption' id='gallery-1-2339'>\n\t\t\t\tSkiss till servis, \u00c5sa Gray, ej daterad\n\t\t\t\t<\/figcaption><\/figure><figure class='gallery-item'>\n\t\t\t<div class='gallery-icon portrait'>\n\t\t\t\t<a href='https:\/\/www.kalmarkonstmuseum.se\/designarkivet\/wp-content\/uploads\/sites\/4\/2024\/09\/gray017-scaled.jpg'><img loading=\"lazy\" decoding=\"async\" width=\"150\" height=\"150\" src=\"https:\/\/www.kalmarkonstmuseum.se\/designarkivet\/wp-content\/uploads\/sites\/4\/2024\/09\/gray017-150x150.jpg\" class=\"attachment-thumbnail size-thumbnail\" alt=\"\" aria-describedby=\"gallery-1-2337\" \/><\/a>\n\t\t\t<\/div>\n\t\t\t\t<figcaption class='wp-caption-text gallery-caption' id='gallery-1-2337'>\n\t\t\t\t<i>Tax<\/i>, \u00c5sa Gray, ej daterad\n\t\t\t\t<\/figcaption><\/figure>\n\t\t<\/div>\n\n<p>Omslagsbild: <em>Giftig<\/em>, \u00c5sa Gray f\u00f6r IKEA, 1980-tal<\/p>\n","protected":false},"excerpt":{"rendered":"<p>Chefsdesigner, produktchef, professor i textil design och en verksamhet som sp\u00e4nner \u00f6ver allt fr\u00e5n textil till glas och keramik. \u00c5sa Gray har arbetat med praktiskt taget allt inom industridesign och har under \u00e5ren samarbetat med flera ledande f\u00f6retag som Katja [&hellip;]<\/p>\n","protected":false},"author":66,"featured_media":2350,"comment_status":"closed","ping_status":"closed","sticky":false,"template":"","format":"standard","meta":{"_exactmetrics_skip_tracking":false,"_exactmetrics_sitenote_active":false,"_exactmetrics_sitenote_note":"","_exactmetrics_sitenote_category":0,"footnotes":""},"categories":[15,4],"tags":[],"class_list":["post-2333","post","type-post","status-publish","format-standard","has-post-thumbnail","hentry","category-nyheter","category-samlingen"],"_links":{"self":[{"href":"https:\/\/www.kalmarkonstmuseum.se\/designarkivet\/wp-json\/wp\/v2\/posts\/2333","targetHints":{"allow":["GET"]}}],"collection":[{"href":"https:\/\/www.kalmarkonstmuseum.se\/designarkivet\/wp-json\/wp\/v2\/posts"}],"about":[{"href":"https:\/\/www.kalmarkonstmuseum.se\/designarkivet\/wp-json\/wp\/v2\/types\/post"}],"author":[{"embeddable":true,"href":"https:\/\/www.kalmarkonstmuseum.se\/designarkivet\/wp-json\/wp\/v2\/users\/66"}],"replies":[{"embeddable":true,"href":"https:\/\/www.kalmarkonstmuseum.se\/designarkivet\/wp-json\/wp\/v2\/comments?post=2333"}],"version-history":[{"count":11,"href":"https:\/\/www.kalmarkonstmuseum.se\/designarkivet\/wp-json\/wp\/v2\/posts\/2333\/revisions"}],"predecessor-version":[{"id":2361,"href":"https:\/\/www.kalmarkonstmuseum.se\/designarkivet\/wp-json\/wp\/v2\/posts\/2333\/revisions\/2361"}],"wp:featuredmedia":[{"embeddable":true,"href":"https:\/\/www.kalmarkonstmuseum.se\/designarkivet\/wp-json\/wp\/v2\/media\/2350"}],"wp:attachment":[{"href":"https:\/\/www.kalmarkonstmuseum.se\/designarkivet\/wp-json\/wp\/v2\/media?parent=2333"}],"wp:term":[{"taxonomy":"category","embeddable":true,"href":"https:\/\/www.kalmarkonstmuseum.se\/designarkivet\/wp-json\/wp\/v2\/categories?post=2333"},{"taxonomy":"post_tag","embeddable":true,"href":"https:\/\/www.kalmarkonstmuseum.se\/designarkivet\/wp-json\/wp\/v2\/tags?post=2333"}],"curies":[{"name":"wp","href":"https:\/\/api.w.org\/{rel}","templated":true}]}}