{"id":2353,"date":"2024-06-01T12:50:16","date_gmt":"2024-06-01T10:50:16","guid":{"rendered":"https:\/\/www.kalmarkonstmuseum.se\/designarkivet\/?p=2353"},"modified":"2024-10-17T12:54:11","modified_gmt":"2024-10-17T10:54:11","slug":"gota-tragardh-mode-monster-moten","status":"publish","type":"post","link":"https:\/\/www.kalmarkonstmuseum.se\/designarkivet\/gota-tragardh-mode-monster-moten\/","title":{"rendered":"G\u00f6ta Tr\u00e4g\u00e5rdh \u2013 Mode, m\u00f6nster, m\u00f6ten"},"content":{"rendered":"<h4>G\u00f6ta Tr\u00e4g\u00e5rdh \u2013 Mode, m\u00f6nster, m\u00f6ten<br \/>\n<em>1 juni\u20136 oktober 2024<\/em><\/h4>\n<p>I utst\u00e4llningen <em>G\u00f6ta Tr\u00e4g\u00e5rdh \u2013 Mode, m\u00f6nster, m\u00f6ten<\/em> visar Designarkivet en kavalkad av m\u00f6nster och mode ur samlingen med fokus p\u00e5 textilformgivaren och modeillustrat\u00f6ren G\u00f6ta Tr\u00e4g\u00e5rdh och kretsen av formgivare kring henne. I samband med utst\u00e4llningen sl\u00e4pps \u00e4ven boken <em>G\u00f6ta Tr\u00e4g\u00e5rdh \u2013 Mode, m\u00f6nster, m\u00f6ten<\/em> av Anna H\u00e4ggblom St\u00e5lhammar f\u00f6r Appell f\u00f6rlag. Boken, likt utst\u00e4llningen, \u00e4r ett f\u00e4rgstarkt collage d\u00e4r minnen, historier, m\u00f6nster och illustrationer lagts till varandra. Att f\u00f6lja G\u00f6ta Tr\u00e4g\u00e5rdhs arbete \u00e4r att resa genom 1900-talets textilhistoria.<\/p>\n<p>G\u00f6ta Tr\u00e4g\u00e5rdh (1904\u20131984) har med sina m\u00f6nster, tyger och illustrationer p\u00e5verkat flera generationer. Hon var verksam fr\u00e5n 1920-talet till 1980-talet och var b\u00e5de arbetsam och m\u00e5ngsidig. Som konstn\u00e4r, redakt\u00f6r, stilbildande modetecknare, konsult, l\u00e4rare, konstn\u00e4rlig ledare, pedagog och utst\u00e4llningscurator definierade hon svenskt mode och textil i decennier. Hon var tillsammans med Anders Beckman medgrundare till Beckmans designh\u00f6gskola 1939 d\u00e4r hon var och f\u00f6rblev l\u00e4rare i modeteckning och m\u00f6nsterkomposition livet ut.<\/p>\n<p>I utst\u00e4llningen visas det omfattande material av skisser, mode- och reklamillustrationer och textilier av G\u00f6ta Tr\u00e4g\u00e5rdh som finns i arkivets samling. Som motor och mentor har hon undervisat, uppmuntrat och arbetat med flera framst\u00e5ende formgivare som ocks\u00e5 visas i utst\u00e4llningen, som bland andra Astrid Sampe, Susan Gr\u00f6ndal, Ritva Wahlstr\u00f6m, Barbro Grytn\u00e4s, Brita Wassdahl, Viola Gr\u00e5sten, Inez Svensson, Ulla Ericson \u00c5str\u00f6m, Milie McNaughton och Lena Tr\u00e4g\u00e5rdh.<\/p>\n<p>Utst\u00e4llningen produceras i samarbete med Anna H\u00e4ggblom och Ola St\u00e5lhammar som tidigare producerat utst\u00e4llningarna <em>STOBO \u2013 en bortgl\u00f6md m\u00f6nsterskatt<\/em>, Eker\u00f6 (2019), och <em>Marimekko \u2013 design i tiden<\/em>, Kulturhuset i Stockholm (2021).<\/p>\n<h4>OM ANNA H\u00c4GGBLOM OCH OLA ST\u00c5LHAMMAR<\/h4>\n<p>Anna H\u00e4ggblom och Ola St\u00e5lhammar \u00e4r m\u00e5ngsysslare med ett stort intresse f\u00f6r textilhistoria. Anna H\u00e4ggblom har tidigare skrivit boken <em>Om konsten att trycka tyg <\/em>(2007). I Ola St\u00e5lhammars familj finns en stor samling med textilier fr\u00e5n hans mormors tid som synerska f\u00f6r STOBO. Familjens p\u00e4rmar och kartonger med provtryck, dukar, gardiner och tygbitar fr\u00e5n 1950\u20131960-talet \u00e4r bakgrunden och inspirationen till s\u00e5v\u00e4l utst\u00e4llningen som boken.<\/p>\n<div id='gallery-1' class='gallery galleryid-2353 gallery-columns-2 gallery-size-medium'><figure class='gallery-item'>\n\t\t\t<div class='gallery-icon landscape'>\n\t\t\t\t<a href='https:\/\/www.kalmarkonstmuseum.se\/designarkivet\/wp-content\/uploads\/sites\/4\/2024\/07\/utstallning-2024_01_foto-designarkivet-scaled.jpg'><img loading=\"lazy\" decoding=\"async\" width=\"300\" height=\"197\" src=\"https:\/\/www.kalmarkonstmuseum.se\/designarkivet\/wp-content\/uploads\/sites\/4\/2024\/07\/utstallning-2024_01_foto-designarkivet-300x197.jpg\" class=\"attachment-medium size-medium\" alt=\"\" aria-describedby=\"gallery-1-2270\" srcset=\"https:\/\/www.kalmarkonstmuseum.se\/designarkivet\/wp-content\/uploads\/sites\/4\/2024\/07\/utstallning-2024_01_foto-designarkivet-300x197.jpg 300w, https:\/\/www.kalmarkonstmuseum.se\/designarkivet\/wp-content\/uploads\/sites\/4\/2024\/07\/utstallning-2024_01_foto-designarkivet-1024x674.jpg 1024w, https:\/\/www.kalmarkonstmuseum.se\/designarkivet\/wp-content\/uploads\/sites\/4\/2024\/07\/utstallning-2024_01_foto-designarkivet-768x505.jpg 768w, https:\/\/www.kalmarkonstmuseum.se\/designarkivet\/wp-content\/uploads\/sites\/4\/2024\/07\/utstallning-2024_01_foto-designarkivet-1536x1010.jpg 1536w, https:\/\/www.kalmarkonstmuseum.se\/designarkivet\/wp-content\/uploads\/sites\/4\/2024\/07\/utstallning-2024_01_foto-designarkivet-2048x1347.jpg 2048w\" sizes=\"auto, (max-width: 300px) 100vw, 300px\" \/><\/a>\n\t\t\t<\/div>\n\t\t\t\t<figcaption class='wp-caption-text gallery-caption' id='gallery-1-2270'>\n\t\t\t\t&#8221;G\u00e5 i gardiner?&#8221;<br>Med samma m\u00f6nster till allt fr\u00e5n kl\u00e4der, gardiner och stoppade m\u00f6bler v\u00e4ckte Stobo, med G\u00f6ta Tr\u00e4g\u00e5rdh som konstn\u00e4rlig ledare, stor uppm\u00e4rksamhet vid lanseringen av sin f\u00f6rsta kollektion.\n\t\t\t\t<\/figcaption><\/figure><figure class='gallery-item'>\n\t\t\t<div class='gallery-icon landscape'>\n\t\t\t\t<a href='https:\/\/www.kalmarkonstmuseum.se\/designarkivet\/wp-content\/uploads\/sites\/4\/2024\/07\/utstallning-2024_04_foto-designarkivet-scaled.jpg'><img loading=\"lazy\" decoding=\"async\" width=\"300\" height=\"192\" src=\"https:\/\/www.kalmarkonstmuseum.se\/designarkivet\/wp-content\/uploads\/sites\/4\/2024\/07\/utstallning-2024_04_foto-designarkivet-300x192.jpg\" class=\"attachment-medium size-medium\" alt=\"\" aria-describedby=\"gallery-1-2273\" srcset=\"https:\/\/www.kalmarkonstmuseum.se\/designarkivet\/wp-content\/uploads\/sites\/4\/2024\/07\/utstallning-2024_04_foto-designarkivet-300x192.jpg 300w, https:\/\/www.kalmarkonstmuseum.se\/designarkivet\/wp-content\/uploads\/sites\/4\/2024\/07\/utstallning-2024_04_foto-designarkivet-1024x656.jpg 1024w, https:\/\/www.kalmarkonstmuseum.se\/designarkivet\/wp-content\/uploads\/sites\/4\/2024\/07\/utstallning-2024_04_foto-designarkivet-768x492.jpg 768w, https:\/\/www.kalmarkonstmuseum.se\/designarkivet\/wp-content\/uploads\/sites\/4\/2024\/07\/utstallning-2024_04_foto-designarkivet-1536x983.jpg 1536w, https:\/\/www.kalmarkonstmuseum.se\/designarkivet\/wp-content\/uploads\/sites\/4\/2024\/07\/utstallning-2024_04_foto-designarkivet-2048x1311.jpg 2048w\" sizes=\"auto, (max-width: 300px) 100vw, 300px\" \/><\/a>\n\t\t\t<\/div>\n\t\t\t\t<figcaption class='wp-caption-text gallery-caption' id='gallery-1-2273'>\n\t\t\t\tM\u00f6nster och skisser i skala 1:1 fr\u00e5n G\u00f6ta Tr\u00e4g\u00e5rdhs tid vid Str\u00f6mma.\n\t\t\t\t<\/figcaption><\/figure><figure class='gallery-item'>\n\t\t\t<div class='gallery-icon portrait'>\n\t\t\t\t<a href='https:\/\/www.kalmarkonstmuseum.se\/designarkivet\/wp-content\/uploads\/sites\/4\/2024\/07\/utstallning-2024_03_foto-designarkivet-scaled.jpg'><img loading=\"lazy\" decoding=\"async\" width=\"200\" height=\"300\" src=\"https:\/\/www.kalmarkonstmuseum.se\/designarkivet\/wp-content\/uploads\/sites\/4\/2024\/07\/utstallning-2024_03_foto-designarkivet-200x300.jpg\" class=\"attachment-medium size-medium\" alt=\"\" aria-describedby=\"gallery-1-2272\" srcset=\"https:\/\/www.kalmarkonstmuseum.se\/designarkivet\/wp-content\/uploads\/sites\/4\/2024\/07\/utstallning-2024_03_foto-designarkivet-200x300.jpg 200w, https:\/\/www.kalmarkonstmuseum.se\/designarkivet\/wp-content\/uploads\/sites\/4\/2024\/07\/utstallning-2024_03_foto-designarkivet-683x1024.jpg 683w, https:\/\/www.kalmarkonstmuseum.se\/designarkivet\/wp-content\/uploads\/sites\/4\/2024\/07\/utstallning-2024_03_foto-designarkivet-768x1152.jpg 768w, https:\/\/www.kalmarkonstmuseum.se\/designarkivet\/wp-content\/uploads\/sites\/4\/2024\/07\/utstallning-2024_03_foto-designarkivet-1024x1536.jpg 1024w, https:\/\/www.kalmarkonstmuseum.se\/designarkivet\/wp-content\/uploads\/sites\/4\/2024\/07\/utstallning-2024_03_foto-designarkivet-1365x2048.jpg 1365w, https:\/\/www.kalmarkonstmuseum.se\/designarkivet\/wp-content\/uploads\/sites\/4\/2024\/07\/utstallning-2024_03_foto-designarkivet-scaled.jpg 1707w\" sizes=\"auto, (max-width: 200px) 100vw, 200px\" \/><\/a>\n\t\t\t<\/div>\n\t\t\t\t<figcaption class='wp-caption-text gallery-caption' id='gallery-1-2272'>\n\t\t\t\tM\u00f6nster och skisser i skala 1:1 fr\u00e5n G\u00f6ta Tr\u00e4g\u00e5rdhs tid vid Str\u00f6mma.\n\t\t\t\t<\/figcaption><\/figure><figure class='gallery-item'>\n\t\t\t<div class='gallery-icon landscape'>\n\t\t\t\t<a href='https:\/\/www.kalmarkonstmuseum.se\/designarkivet\/wp-content\/uploads\/sites\/4\/2024\/07\/utstallning-2024_02_foto-designarkivet-scaled.jpg'><img loading=\"lazy\" decoding=\"async\" width=\"300\" height=\"200\" src=\"https:\/\/www.kalmarkonstmuseum.se\/designarkivet\/wp-content\/uploads\/sites\/4\/2024\/07\/utstallning-2024_02_foto-designarkivet-300x200.jpg\" class=\"attachment-medium size-medium\" alt=\"\" aria-describedby=\"gallery-1-2271\" srcset=\"https:\/\/www.kalmarkonstmuseum.se\/designarkivet\/wp-content\/uploads\/sites\/4\/2024\/07\/utstallning-2024_02_foto-designarkivet-300x200.jpg 300w, https:\/\/www.kalmarkonstmuseum.se\/designarkivet\/wp-content\/uploads\/sites\/4\/2024\/07\/utstallning-2024_02_foto-designarkivet-1024x683.jpg 1024w, https:\/\/www.kalmarkonstmuseum.se\/designarkivet\/wp-content\/uploads\/sites\/4\/2024\/07\/utstallning-2024_02_foto-designarkivet-768x512.jpg 768w, https:\/\/www.kalmarkonstmuseum.se\/designarkivet\/wp-content\/uploads\/sites\/4\/2024\/07\/utstallning-2024_02_foto-designarkivet-1536x1024.jpg 1536w, https:\/\/www.kalmarkonstmuseum.se\/designarkivet\/wp-content\/uploads\/sites\/4\/2024\/07\/utstallning-2024_02_foto-designarkivet-2048x1365.jpg 2048w\" sizes=\"auto, (max-width: 300px) 100vw, 300px\" \/><\/a>\n\t\t\t<\/div>\n\t\t\t\t<figcaption class='wp-caption-text gallery-caption' id='gallery-1-2271'>\n\t\t\t\tI utst\u00e4llningen visas \u00e4ven material av n\u00e5gra av G\u00f6ta Tr\u00e4g\u00e5rdhs samtida kollegor och elever.\n\t\t\t\t<\/figcaption><\/figure><figure class='gallery-item'>\n\t\t\t<div class='gallery-icon landscape'>\n\t\t\t\t<a href='https:\/\/www.kalmarkonstmuseum.se\/designarkivet\/wp-content\/uploads\/sites\/4\/2024\/01\/img_20200606_0002-scaled.jpg'><img loading=\"lazy\" decoding=\"async\" width=\"300\" height=\"219\" src=\"https:\/\/www.kalmarkonstmuseum.se\/designarkivet\/wp-content\/uploads\/sites\/4\/2024\/01\/img_20200606_0002-300x219.jpg\" class=\"attachment-medium size-medium\" alt=\"\" aria-describedby=\"gallery-1-2049\" srcset=\"https:\/\/www.kalmarkonstmuseum.se\/designarkivet\/wp-content\/uploads\/sites\/4\/2024\/01\/img_20200606_0002-300x219.jpg 300w, https:\/\/www.kalmarkonstmuseum.se\/designarkivet\/wp-content\/uploads\/sites\/4\/2024\/01\/img_20200606_0002-1024x746.jpg 1024w, https:\/\/www.kalmarkonstmuseum.se\/designarkivet\/wp-content\/uploads\/sites\/4\/2024\/01\/img_20200606_0002-768x560.jpg 768w, https:\/\/www.kalmarkonstmuseum.se\/designarkivet\/wp-content\/uploads\/sites\/4\/2024\/01\/img_20200606_0002-1536x1120.jpg 1536w, https:\/\/www.kalmarkonstmuseum.se\/designarkivet\/wp-content\/uploads\/sites\/4\/2024\/01\/img_20200606_0002-2048x1493.jpg 2048w\" sizes=\"auto, (max-width: 300px) 100vw, 300px\" \/><\/a>\n\t\t\t<\/div>\n\t\t\t\t<figcaption class='wp-caption-text gallery-caption' id='gallery-1-2049'>\n\t\t\t\tG\u00f6ta Tr\u00e4g\u00e5rdh med n\u00e5gra av sina elever p\u00e5 Beckmans skola. Fr\u00e5n v\u00e4nster: Britt-Louise Friman, Helen Frohde (skymd), Lena Kvarnstr\u00f6m, Gunnel Carlsson, Marie-Louise Nordin, G\u00f6ta Tr\u00e4g\u00e5rdh och Gunnel Ginsburg. <br>Fotograf ok\u00e4nd, ur familjens fotoalbum genom Li Thies Lagergren.\n\t\t\t\t<\/figcaption><\/figure><figure class='gallery-item'>\n\t\t\t<div class='gallery-icon landscape'>\n\t\t\t\t<a href='https:\/\/www.kalmarkonstmuseum.se\/designarkivet\/wp-content\/uploads\/sites\/4\/2024\/01\/gota-tragardh_arkiv_svensk-form.jpg'><img loading=\"lazy\" decoding=\"async\" width=\"300\" height=\"240\" src=\"https:\/\/www.kalmarkonstmuseum.se\/designarkivet\/wp-content\/uploads\/sites\/4\/2024\/01\/gota-tragardh_arkiv_svensk-form-300x240.jpg\" class=\"attachment-medium size-medium\" alt=\"\" aria-describedby=\"gallery-1-2008\" srcset=\"https:\/\/www.kalmarkonstmuseum.se\/designarkivet\/wp-content\/uploads\/sites\/4\/2024\/01\/gota-tragardh_arkiv_svensk-form-300x240.jpg 300w, https:\/\/www.kalmarkonstmuseum.se\/designarkivet\/wp-content\/uploads\/sites\/4\/2024\/01\/gota-tragardh_arkiv_svensk-form-1024x819.jpg 1024w, https:\/\/www.kalmarkonstmuseum.se\/designarkivet\/wp-content\/uploads\/sites\/4\/2024\/01\/gota-tragardh_arkiv_svensk-form-768x615.jpg 768w, https:\/\/www.kalmarkonstmuseum.se\/designarkivet\/wp-content\/uploads\/sites\/4\/2024\/01\/gota-tragardh_arkiv_svensk-form.jpg 1377w\" sizes=\"auto, (max-width: 300px) 100vw, 300px\" \/><\/a>\n\t\t\t<\/div>\n\t\t\t\t<figcaption class='wp-caption-text gallery-caption' id='gallery-1-2008'>\n\t\t\t\tG\u00f6ta Tr\u00e4g\u00e5rdh framf\u00f6r textilm\u00f6nstret <i>Monolog<\/i> (1971) f\u00f6r Str\u00f6mma<br>Foto: arkivbild Svensk Form\n\t\t\t\t<\/figcaption><\/figure><figure class='gallery-item'>\n\t\t\t<div class='gallery-icon portrait'>\n\t\t\t\t<a href='https:\/\/www.kalmarkonstmuseum.se\/designarkivet\/wp-content\/uploads\/sites\/4\/2024\/01\/da-013793_illustration-av-balenciaga-visning_1950tal-scaled.jpg'><img loading=\"lazy\" decoding=\"async\" width=\"217\" height=\"300\" src=\"https:\/\/www.kalmarkonstmuseum.se\/designarkivet\/wp-content\/uploads\/sites\/4\/2024\/01\/da-013793_illustration-av-balenciaga-visning_1950tal-217x300.jpg\" class=\"attachment-medium size-medium\" alt=\"\" aria-describedby=\"gallery-1-2052\" srcset=\"https:\/\/www.kalmarkonstmuseum.se\/designarkivet\/wp-content\/uploads\/sites\/4\/2024\/01\/da-013793_illustration-av-balenciaga-visning_1950tal-217x300.jpg 217w, https:\/\/www.kalmarkonstmuseum.se\/designarkivet\/wp-content\/uploads\/sites\/4\/2024\/01\/da-013793_illustration-av-balenciaga-visning_1950tal-741x1024.jpg 741w, https:\/\/www.kalmarkonstmuseum.se\/designarkivet\/wp-content\/uploads\/sites\/4\/2024\/01\/da-013793_illustration-av-balenciaga-visning_1950tal-768x1062.jpg 768w, https:\/\/www.kalmarkonstmuseum.se\/designarkivet\/wp-content\/uploads\/sites\/4\/2024\/01\/da-013793_illustration-av-balenciaga-visning_1950tal-1111x1536.jpg 1111w, https:\/\/www.kalmarkonstmuseum.se\/designarkivet\/wp-content\/uploads\/sites\/4\/2024\/01\/da-013793_illustration-av-balenciaga-visning_1950tal-1481x2048.jpg 1481w, https:\/\/www.kalmarkonstmuseum.se\/designarkivet\/wp-content\/uploads\/sites\/4\/2024\/01\/da-013793_illustration-av-balenciaga-visning_1950tal-scaled.jpg 1852w\" sizes=\"auto, (max-width: 217px) 100vw, 217px\" \/><\/a>\n\t\t\t<\/div>\n\t\t\t\t<figcaption class='wp-caption-text gallery-caption' id='gallery-1-2052'>\n\t\t\t\t<a href=\"https:\/\/digitaltmuseum.se\/0210613163848\/kappa-klanning-skiss\">Modeillustration, Balenciaga<\/a>, G\u00f6ta Tr\u00e4g\u00e5rdh, 1950-tal\n\t\t\t\t<\/figcaption><\/figure><figure class='gallery-item'>\n\t\t\t<div class='gallery-icon portrait'>\n\t\t\t\t<a href='https:\/\/www.kalmarkonstmuseum.se\/designarkivet\/wp-content\/uploads\/sites\/4\/2024\/07\/monolog_gota-tragardh-for-stromma_1971-scaled.jpg'><img loading=\"lazy\" decoding=\"async\" width=\"268\" height=\"300\" src=\"https:\/\/www.kalmarkonstmuseum.se\/designarkivet\/wp-content\/uploads\/sites\/4\/2024\/07\/monolog_gota-tragardh-for-stromma_1971-268x300.jpg\" class=\"attachment-medium size-medium\" alt=\"\" aria-describedby=\"gallery-1-2275\" srcset=\"https:\/\/www.kalmarkonstmuseum.se\/designarkivet\/wp-content\/uploads\/sites\/4\/2024\/07\/monolog_gota-tragardh-for-stromma_1971-268x300.jpg 268w, https:\/\/www.kalmarkonstmuseum.se\/designarkivet\/wp-content\/uploads\/sites\/4\/2024\/07\/monolog_gota-tragardh-for-stromma_1971-914x1024.jpg 914w, https:\/\/www.kalmarkonstmuseum.se\/designarkivet\/wp-content\/uploads\/sites\/4\/2024\/07\/monolog_gota-tragardh-for-stromma_1971-768x861.jpg 768w, https:\/\/www.kalmarkonstmuseum.se\/designarkivet\/wp-content\/uploads\/sites\/4\/2024\/07\/monolog_gota-tragardh-for-stromma_1971-1371x1536.jpg 1371w, https:\/\/www.kalmarkonstmuseum.se\/designarkivet\/wp-content\/uploads\/sites\/4\/2024\/07\/monolog_gota-tragardh-for-stromma_1971-1828x2048.jpg 1828w\" sizes=\"auto, (max-width: 268px) 100vw, 268px\" \/><\/a>\n\t\t\t<\/div>\n\t\t\t\t<figcaption class='wp-caption-text gallery-caption' id='gallery-1-2275'>\n\t\t\t\t<a href=\"https:\/\/digitaltmuseum.se\/0210613163514\/monolog-textil\">Monolog<\/a>, G\u00f6ta Tr\u00e4g\u00e5rdh f\u00f6r Str\u00f6mma, 1971\n\t\t\t\t<\/figcaption><\/figure><figure class='gallery-item'>\n\t\t\t<div class='gallery-icon portrait'>\n\t\t\t\t<a href='https:\/\/www.kalmarkonstmuseum.se\/designarkivet\/wp-content\/uploads\/sites\/4\/2024\/01\/da-001650_reklamillustration-for-sidenhuset_1920tal-scaled.jpg'><img loading=\"lazy\" decoding=\"async\" width=\"187\" height=\"300\" src=\"https:\/\/www.kalmarkonstmuseum.se\/designarkivet\/wp-content\/uploads\/sites\/4\/2024\/01\/da-001650_reklamillustration-for-sidenhuset_1920tal-187x300.jpg\" class=\"attachment-medium size-medium\" alt=\"\" aria-describedby=\"gallery-1-2053\" srcset=\"https:\/\/www.kalmarkonstmuseum.se\/designarkivet\/wp-content\/uploads\/sites\/4\/2024\/01\/da-001650_reklamillustration-for-sidenhuset_1920tal-187x300.jpg 187w, https:\/\/www.kalmarkonstmuseum.se\/designarkivet\/wp-content\/uploads\/sites\/4\/2024\/01\/da-001650_reklamillustration-for-sidenhuset_1920tal-639x1024.jpg 639w, https:\/\/www.kalmarkonstmuseum.se\/designarkivet\/wp-content\/uploads\/sites\/4\/2024\/01\/da-001650_reklamillustration-for-sidenhuset_1920tal-768x1231.jpg 768w, https:\/\/www.kalmarkonstmuseum.se\/designarkivet\/wp-content\/uploads\/sites\/4\/2024\/01\/da-001650_reklamillustration-for-sidenhuset_1920tal-958x1536.jpg 958w, https:\/\/www.kalmarkonstmuseum.se\/designarkivet\/wp-content\/uploads\/sites\/4\/2024\/01\/da-001650_reklamillustration-for-sidenhuset_1920tal-1278x2048.jpg 1278w, https:\/\/www.kalmarkonstmuseum.se\/designarkivet\/wp-content\/uploads\/sites\/4\/2024\/01\/da-001650_reklamillustration-for-sidenhuset_1920tal-scaled.jpg 1597w\" sizes=\"auto, (max-width: 187px) 100vw, 187px\" \/><\/a>\n\t\t\t<\/div>\n\t\t\t\t<figcaption class='wp-caption-text gallery-caption' id='gallery-1-2053'>\n\t\t\t\t<a href=\"https:\/\/digitaltmuseum.se\/0210613163439\/sidenhuset-skiss\">Reklamillustration f\u00f6r Sidenhuset<\/a>, G\u00f6ta Tr\u00e4g\u00e5rdh, 1930-tal\n\t\t\t\t<\/figcaption><\/figure>\n\t\t<\/div>\n\n<p>&nbsp;<\/p>\n","protected":false},"excerpt":{"rendered":"<p>G\u00f6ta Tr\u00e4g\u00e5rdh \u2013 Mode, m\u00f6nster, m\u00f6ten 1 juni\u20136 oktober 2024 I utst\u00e4llningen G\u00f6ta Tr\u00e4g\u00e5rdh \u2013 Mode, m\u00f6nster, m\u00f6ten visar Designarkivet en kavalkad av m\u00f6nster och mode ur samlingen med fokus p\u00e5 textilformgivaren och modeillustrat\u00f6ren G\u00f6ta Tr\u00e4g\u00e5rdh och kretsen av formgivare [&hellip;]<\/p>\n","protected":false},"author":66,"featured_media":2217,"comment_status":"closed","ping_status":"closed","sticky":false,"template":"","format":"standard","meta":{"_exactmetrics_skip_tracking":false,"_exactmetrics_sitenote_active":false,"_exactmetrics_sitenote_note":"","_exactmetrics_sitenote_category":0,"footnotes":""},"categories":[9],"tags":[],"class_list":["post-2353","post","type-post","status-publish","format-standard","has-post-thumbnail","hentry","category-utstallningar"],"_links":{"self":[{"href":"https:\/\/www.kalmarkonstmuseum.se\/designarkivet\/wp-json\/wp\/v2\/posts\/2353","targetHints":{"allow":["GET"]}}],"collection":[{"href":"https:\/\/www.kalmarkonstmuseum.se\/designarkivet\/wp-json\/wp\/v2\/posts"}],"about":[{"href":"https:\/\/www.kalmarkonstmuseum.se\/designarkivet\/wp-json\/wp\/v2\/types\/post"}],"author":[{"embeddable":true,"href":"https:\/\/www.kalmarkonstmuseum.se\/designarkivet\/wp-json\/wp\/v2\/users\/66"}],"replies":[{"embeddable":true,"href":"https:\/\/www.kalmarkonstmuseum.se\/designarkivet\/wp-json\/wp\/v2\/comments?post=2353"}],"version-history":[{"count":1,"href":"https:\/\/www.kalmarkonstmuseum.se\/designarkivet\/wp-json\/wp\/v2\/posts\/2353\/revisions"}],"predecessor-version":[{"id":2354,"href":"https:\/\/www.kalmarkonstmuseum.se\/designarkivet\/wp-json\/wp\/v2\/posts\/2353\/revisions\/2354"}],"wp:featuredmedia":[{"embeddable":true,"href":"https:\/\/www.kalmarkonstmuseum.se\/designarkivet\/wp-json\/wp\/v2\/media\/2217"}],"wp:attachment":[{"href":"https:\/\/www.kalmarkonstmuseum.se\/designarkivet\/wp-json\/wp\/v2\/media?parent=2353"}],"wp:term":[{"taxonomy":"category","embeddable":true,"href":"https:\/\/www.kalmarkonstmuseum.se\/designarkivet\/wp-json\/wp\/v2\/categories?post=2353"},{"taxonomy":"post_tag","embeddable":true,"href":"https:\/\/www.kalmarkonstmuseum.se\/designarkivet\/wp-json\/wp\/v2\/tags?post=2353"}],"curies":[{"name":"wp","href":"https:\/\/api.w.org\/{rel}","templated":true}]}}