{"id":2375,"date":"2025-01-10T18:18:17","date_gmt":"2025-01-10T17:18:17","guid":{"rendered":"https:\/\/www.kalmarkonstmuseum.se\/designarkivet\/?p=2375"},"modified":"2025-01-30T14:07:18","modified_gmt":"2025-01-30T13:07:18","slug":"mode-monster-motentextilminnen-fran-kalmar-lan","status":"publish","type":"post","link":"https:\/\/www.kalmarkonstmuseum.se\/designarkivet\/mode-monster-motentextilminnen-fran-kalmar-lan\/","title":{"rendered":"Mode, m\u00f6nster, m\u00f6ten:<br>textilminnen fr\u00e5n Kalmar l\u00e4n"},"content":{"rendered":"<p>Allt fr\u00e5n reflektioner kring kroppsideal, en historia om en tillverkningsindustri i anm\u00e4rkningsv\u00e4rda lokaler, till minnen fr\u00e5n s\u00e5v\u00e4l fiskare som mannek\u00e4nger. Textilier och kl\u00e4der kan verkligen v\u00e4cka k\u00e4nslor och minnen, det blev vi varse i somras n\u00e4r vi visade utst\u00e4llningen <em>G\u00f6ta Tr\u00e4g\u00e5rdh \u2013 Mode, m\u00f6nster, m\u00f6ten.<\/em><\/p>\n<p><!--more--><\/p>\n<p>Flera av utst\u00e4llningens bes\u00f6kare ber\u00e4ttade om sina egna eller \u00e4ldre sl\u00e4ktingars erfarenheter fr\u00e5n textil- och tillverkningsindustrin, men ocks\u00e5 om relationen till och anv\u00e4ndandet av just textil, m\u00f6nster och kl\u00e4der. D\u00e4rf\u00f6r har vi i december m\u00e5nad 2024 bes\u00f6kt \u00e4ldreomsorgen runt om i Kalmar l\u00e4n f\u00f6r att lyssna och l\u00e4ra av de som var med n\u00e4r det h\u00e4nde. Med rekvisita och bildspel har vi pratat om G\u00f6ta Tr\u00e4g\u00e5rdh, textilhistoria och alla de minnen och associationer textilier kan b\u00e4ra \u2013 och nu kan vi \u00e4ntligen dela med oss av n\u00e5gra av dessa! H\u00e5ll utkik p\u00e5 v\u00e5ra sociala medier under januari m\u00e5nad, d\u00e4r kommer vi publicera fyra nedteckningar i serien <em>Mode, m\u00f6nster, m\u00f6ten: textilminnen fr\u00e5n Kalmar l\u00e4n.<\/em><\/p>\n<p>Projektet har m\u00f6jliggjorts genom finansiering fr\u00e5n Region Kalmar l\u00e4n.<\/p>\n<p>&nbsp;<\/p>\n<table>\n<tbody>\n<tr>\n<td>\n<p><div id=\"attachment_2388\" style=\"width: 310px\" class=\"wp-caption alignnone\"><a href=\"https:\/\/www.kalmarkonstmuseum.se\/designarkivet\/mode-monster-moten-textilminnen-fran-mannekangen\/\"><img loading=\"lazy\" decoding=\"async\" aria-describedby=\"caption-attachment-2388\" class=\"wp-image-2388 size-medium\" src=\"https:\/\/www.kalmarkonstmuseum.se\/designarkivet\/wp-content\/uploads\/sites\/4\/2025\/01\/tyst-kunskap_some-kampanj2_sajt-300x169.jpg\" alt=\"\" width=\"300\" height=\"169\" srcset=\"https:\/\/www.kalmarkonstmuseum.se\/designarkivet\/wp-content\/uploads\/sites\/4\/2025\/01\/tyst-kunskap_some-kampanj2_sajt-300x169.jpg 300w, https:\/\/www.kalmarkonstmuseum.se\/designarkivet\/wp-content\/uploads\/sites\/4\/2025\/01\/tyst-kunskap_some-kampanj2_sajt-768x432.jpg 768w, https:\/\/www.kalmarkonstmuseum.se\/designarkivet\/wp-content\/uploads\/sites\/4\/2025\/01\/tyst-kunskap_some-kampanj2_sajt.jpg 991w\" sizes=\"auto, (max-width: 300px) 100vw, 300px\" \/><\/a><p id=\"caption-attachment-2388\" class=\"wp-caption-text\"><a href=\"https:\/\/www.kalmarkonstmuseum.se\/designarkivet\/mode-monster-moten-textilminnen-fran-mannekangen\/\">Textilminnen fr\u00e5n mannek\u00e4ngen<\/a><\/p><\/div><\/td>\n<\/tr>\n<tr>\n<td>\n<p><div id=\"attachment_2395\" style=\"width: 310px\" class=\"wp-caption alignnone\"><a href=\"https:\/\/www.kalmarkonstmuseum.se\/designarkivet\/mode-monster-moten-textilindustrin-i-hogsby\/\"><img loading=\"lazy\" decoding=\"async\" aria-describedby=\"caption-attachment-2395\" class=\"wp-image-2395 size-medium\" src=\"https:\/\/www.kalmarkonstmuseum.se\/designarkivet\/wp-content\/uploads\/sites\/4\/2025\/01\/tyst-kunskap_some-kampanj_odensvi_sajt-300x169.jpg\" alt=\"\" width=\"300\" height=\"169\" srcset=\"https:\/\/www.kalmarkonstmuseum.se\/designarkivet\/wp-content\/uploads\/sites\/4\/2025\/01\/tyst-kunskap_some-kampanj_odensvi_sajt-300x169.jpg 300w, https:\/\/www.kalmarkonstmuseum.se\/designarkivet\/wp-content\/uploads\/sites\/4\/2025\/01\/tyst-kunskap_some-kampanj_odensvi_sajt-1024x576.jpg 1024w, https:\/\/www.kalmarkonstmuseum.se\/designarkivet\/wp-content\/uploads\/sites\/4\/2025\/01\/tyst-kunskap_some-kampanj_odensvi_sajt-768x432.jpg 768w, https:\/\/www.kalmarkonstmuseum.se\/designarkivet\/wp-content\/uploads\/sites\/4\/2025\/01\/tyst-kunskap_some-kampanj_odensvi_sajt.jpg 1080w\" sizes=\"auto, (max-width: 300px) 100vw, 300px\" \/><\/a><p id=\"caption-attachment-2395\" class=\"wp-caption-text\"><a href=\"https:\/\/www.kalmarkonstmuseum.se\/designarkivet\/mode-monster-moten-textilindustrin-i-hogsby\/\">Textilindustrin i H\u00f6gsby<\/a><\/p><\/div><\/td>\n<\/tr>\n<tr>\n<td>\n<p><div id=\"attachment_2409\" style=\"width: 310px\" class=\"wp-caption alignnone\"><a href=\"https:\/\/www.kalmarkonstmuseum.se\/designarkivet\/mode-monster-motenkladerna-pa-sjon\/\"><img loading=\"lazy\" decoding=\"async\" aria-describedby=\"caption-attachment-2409\" class=\"wp-image-2409 size-medium\" src=\"https:\/\/www.kalmarkonstmuseum.se\/designarkivet\/wp-content\/uploads\/sites\/4\/2025\/01\/kladerna-pa-sjon_sajt-300x169.jpg\" alt=\"\" width=\"300\" height=\"169\" srcset=\"https:\/\/www.kalmarkonstmuseum.se\/designarkivet\/wp-content\/uploads\/sites\/4\/2025\/01\/kladerna-pa-sjon_sajt-300x169.jpg 300w, https:\/\/www.kalmarkonstmuseum.se\/designarkivet\/wp-content\/uploads\/sites\/4\/2025\/01\/kladerna-pa-sjon_sajt-1024x576.jpg 1024w, https:\/\/www.kalmarkonstmuseum.se\/designarkivet\/wp-content\/uploads\/sites\/4\/2025\/01\/kladerna-pa-sjon_sajt-768x432.jpg 768w, https:\/\/www.kalmarkonstmuseum.se\/designarkivet\/wp-content\/uploads\/sites\/4\/2025\/01\/kladerna-pa-sjon_sajt.jpg 1080w\" sizes=\"auto, (max-width: 300px) 100vw, 300px\" \/><\/a><p id=\"caption-attachment-2409\" class=\"wp-caption-text\"><a href=\"https:\/\/www.kalmarkonstmuseum.se\/designarkivet\/mode-monster-motenkladerna-pa-sjon\/\">Kl\u00e4derna p\u00e5 sj\u00f6n<\/a><\/p><\/div><\/td>\n<\/tr>\n<tr>\n<td>\n<p><div id=\"attachment_2421\" style=\"width: 310px\" class=\"wp-caption alignnone\"><a href=\"https:\/\/www.kalmarkonstmuseum.se\/designarkivet\/mode-monster-moten-midjan\/\"><img loading=\"lazy\" decoding=\"async\" aria-describedby=\"caption-attachment-2421\" class=\"wp-image-2421 size-medium\" src=\"https:\/\/www.kalmarkonstmuseum.se\/designarkivet\/wp-content\/uploads\/sites\/4\/2025\/01\/tyst-kunskap_sajt_midjan-300x169.jpg\" alt=\"\" width=\"300\" height=\"169\" srcset=\"https:\/\/www.kalmarkonstmuseum.se\/designarkivet\/wp-content\/uploads\/sites\/4\/2025\/01\/tyst-kunskap_sajt_midjan-300x169.jpg 300w, https:\/\/www.kalmarkonstmuseum.se\/designarkivet\/wp-content\/uploads\/sites\/4\/2025\/01\/tyst-kunskap_sajt_midjan-1024x576.jpg 1024w, https:\/\/www.kalmarkonstmuseum.se\/designarkivet\/wp-content\/uploads\/sites\/4\/2025\/01\/tyst-kunskap_sajt_midjan-768x432.jpg 768w, https:\/\/www.kalmarkonstmuseum.se\/designarkivet\/wp-content\/uploads\/sites\/4\/2025\/01\/tyst-kunskap_sajt_midjan.jpg 1080w\" sizes=\"auto, (max-width: 300px) 100vw, 300px\" \/><\/a><p id=\"caption-attachment-2421\" class=\"wp-caption-text\"><a href=\"https:\/\/www.kalmarkonstmuseum.se\/designarkivet\/mode-monster-moten-midjan\/\">Midjan<\/a><\/p><\/div><\/td>\n<\/tr>\n<\/tbody>\n<\/table>\n","protected":false},"excerpt":{"rendered":"<p>Allt fr\u00e5n reflektioner kring kroppsideal, en historia om en tillverkningsindustri i anm\u00e4rkningsv\u00e4rda lokaler, till minnen fr\u00e5n s\u00e5v\u00e4l fiskare som mannek\u00e4nger. Textilier och kl\u00e4der kan verkligen v\u00e4cka k\u00e4nslor och minnen, det blev vi varse i somras n\u00e4r vi visade utst\u00e4llningen G\u00f6ta [&hellip;]<\/p>\n","protected":false},"author":66,"featured_media":2379,"comment_status":"closed","ping_status":"closed","sticky":false,"template":"","format":"standard","meta":{"_exactmetrics_skip_tracking":false,"_exactmetrics_sitenote_active":false,"_exactmetrics_sitenote_note":"","_exactmetrics_sitenote_category":0,"footnotes":""},"categories":[15],"tags":[153,151,152],"class_list":["post-2375","post","type-post","status-publish","format-standard","has-post-thumbnail","hentry","category-nyheter","tag-gota-tragardh","tag-projekt","tag-textilminnen"],"_links":{"self":[{"href":"https:\/\/www.kalmarkonstmuseum.se\/designarkivet\/wp-json\/wp\/v2\/posts\/2375","targetHints":{"allow":["GET"]}}],"collection":[{"href":"https:\/\/www.kalmarkonstmuseum.se\/designarkivet\/wp-json\/wp\/v2\/posts"}],"about":[{"href":"https:\/\/www.kalmarkonstmuseum.se\/designarkivet\/wp-json\/wp\/v2\/types\/post"}],"author":[{"embeddable":true,"href":"https:\/\/www.kalmarkonstmuseum.se\/designarkivet\/wp-json\/wp\/v2\/users\/66"}],"replies":[{"embeddable":true,"href":"https:\/\/www.kalmarkonstmuseum.se\/designarkivet\/wp-json\/wp\/v2\/comments?post=2375"}],"version-history":[{"count":15,"href":"https:\/\/www.kalmarkonstmuseum.se\/designarkivet\/wp-json\/wp\/v2\/posts\/2375\/revisions"}],"predecessor-version":[{"id":2423,"href":"https:\/\/www.kalmarkonstmuseum.se\/designarkivet\/wp-json\/wp\/v2\/posts\/2375\/revisions\/2423"}],"wp:featuredmedia":[{"embeddable":true,"href":"https:\/\/www.kalmarkonstmuseum.se\/designarkivet\/wp-json\/wp\/v2\/media\/2379"}],"wp:attachment":[{"href":"https:\/\/www.kalmarkonstmuseum.se\/designarkivet\/wp-json\/wp\/v2\/media?parent=2375"}],"wp:term":[{"taxonomy":"category","embeddable":true,"href":"https:\/\/www.kalmarkonstmuseum.se\/designarkivet\/wp-json\/wp\/v2\/categories?post=2375"},{"taxonomy":"post_tag","embeddable":true,"href":"https:\/\/www.kalmarkonstmuseum.se\/designarkivet\/wp-json\/wp\/v2\/tags?post=2375"}],"curies":[{"name":"wp","href":"https:\/\/api.w.org\/{rel}","templated":true}]}}