{"id":2387,"date":"2025-01-10T15:00:50","date_gmt":"2025-01-10T14:00:50","guid":{"rendered":"https:\/\/www.kalmarkonstmuseum.se\/designarkivet\/?p=2387"},"modified":"2025-01-14T10:08:25","modified_gmt":"2025-01-14T09:08:25","slug":"mode-monster-moten-textilminnen-fran-mannekangen","status":"publish","type":"post","link":"https:\/\/www.kalmarkonstmuseum.se\/designarkivet\/mode-monster-moten-textilminnen-fran-mannekangen\/","title":{"rendered":"Mode, m\u00f6nster, m\u00f6ten:<br>Textilminnen fr\u00e5n mannek\u00e4ngen"},"content":{"rendered":"<p>P\u00e5 ett \u00e4ldreboende n\u00e5gonstans i Kalmar l\u00e4n tr\u00e4ffar vi en kvinna med sl\u00e5ende kindben, vackert leende och ett propert och piggt intryck. Hon har varit mannek\u00e4ng i Stockholm, och det syns. Vi kan kalla henne &#8221;Kicki&#8221;. N\u00e4r vi ber\u00e4ttar om G\u00f6ta Tr\u00e4g\u00e5rdh och Anders Beckmans Skola och visar bilder p\u00e5 mannek\u00e4ngerna Kerstin Lokrantz och Gunilla Pont\u00e9n k\u00e4nner hon omedelbart igen sig. Sj\u00e4lv gick hon inte p\u00e5 Beckmans ber\u00e4ttar hon, hon var inte \u201dtillr\u00e4ckligt inne f\u00f6r det\u201d:<\/p>\n<p>&#8211; Men dom anlitade mig n\u00e4r dom beh\u00f6vde n\u00e5got lite mer omodernt, skrattar hon.<\/p>\n<p>1950-talets mannek\u00e4nger var sina egna \u2013 sin egen agentur, makeup-artist, fris\u00f6r och stylist. Det innebar s\u00e5 klart ett evigt k\u00e5nkande p\u00e5 v\u00e4skor fulla av allt fr\u00e5n skor till korsetter, men ocks\u00e5 en slags uttrycksfrihet. Med plaggen bak och fram, ballerinaskor i st\u00e4llet f\u00f6r klackar och h\u00e5ret i h\u00e4stsvans var exempelvis mannek\u00e4ngerna Kerstin Lokrantz och Gunilla Pont\u00e9n med och skapade det svenska ton\u00e5rsmodet. Men plaggen som skulle saluf\u00f6ras stod naturligtvis uppdragsgivaren f\u00f6r. Kicki ber\u00e4ttar hur hennes v\u00e4nner kunde imponeras av hennes till synes exklusiva garderob:<\/p>\n<p>&#8211; \u201d\u00c5h, har du den och den och den!\u201d kunde de s\u00e4ga. Men nej, kl\u00e4derna var ju bara till l\u00e5ns.<\/p>\n<p>Vi tittar p\u00e5 ett fotografi fr\u00e5n en modevisning i New York fr\u00e5n 1960-talet. Lokalen \u00e4r fullsatt av modets yrkesm\u00e4nniskor. En kvinna r\u00f6ker och betraktar catwalken med stor koncentration, en annan verkar djupt chockad. P\u00e5 podiet g\u00e5r unga kvinnor ikl\u00e4dda badkl\u00e4der fr\u00e5n svenska f\u00f6retaget Tonnie-Modeller.<\/p>\n<p>&#8211; Mina f\u00f6r\u00e4ldrar hade inget emot mitt jobb, men visa mig i bikini fick jag inte f\u00f6r mor!<\/p>\n<p>Precis som inom konsthistorien s\u00e5 har \u00e4ven konfektionens och modets modeller betraktats med viss misst\u00e4nksamhet. Men under 1960-talet internationaliseras modellagenturerna och modev\u00e4rlden och fler modetidningar uppst\u00e5r. Modellen, fotografen och modebilden g\u00e5r fr\u00e5n att vara underordnad best\u00e4llaren till att vara navet i en st\u00e4ndigt skiftande modev\u00e4rld s\u00e5som vi kanske k\u00e4nner igen branschen idag.<\/p>\n<p>Vi forts\u00e4tter prata mode, om Paris, om hur allt hon tj\u00e4nade gick till kl\u00e4der och hur hennes passion kom att \u00e4rvas av d\u00f6ttrarna. Vi visar textilprover av Sven Fristedt, gl\u00e4ds \u00e5t tygkvalit\u00e9erna. Och dricker kaffe. N\u00e4r vi avrundar och tackar f\u00f6r oss ger &#8221;Kicki&#8221; betyget att \u201ddet var som att vara i Paris igen\u201d.<\/p>\n<p>Stort tack till &#8221;Kicki&#8221; f\u00f6r att vi fick ta del av dina erfarenheter.<\/p>\n<p>&nbsp;<\/p>\n<p>L\u00e4stips:<\/p>\n<p><em>Bilden av modet<\/em>, av Lotta Lewenhaupt och Tonie Lewenhaupt, Bokf\u00f6rlaget Arena, 2009<br \/>\n<em>P\u00e5 h\u00f6ga klackar, <\/em>av Birgitta Stubbing och Nathalie W\u00e4nblad, Sivart F\u00f6rlag, 2023<br \/>\n\u201dProvocerande nyt\u00e4nk\u201d, av Viveca Carlsson, i <em>Scandinavian Retro<\/em> nr. 2, 2019<\/p>\n<p>Foto: Arne Nilsson, 1940-tal<\/p>\n","protected":false},"excerpt":{"rendered":"<p>P\u00e5 ett \u00e4ldreboende n\u00e5gonstans i Kalmar l\u00e4n tr\u00e4ffar vi en kvinna med sl\u00e5ende kindben, vackert leende och ett propert och piggt intryck. Hon har varit mannek\u00e4ng i Stockholm, och det syns. Vi kan kalla henne &#8221;Kicki&#8221;. N\u00e4r vi ber\u00e4ttar om [&hellip;]<\/p>\n","protected":false},"author":66,"featured_media":2388,"comment_status":"closed","ping_status":"closed","sticky":false,"template":"","format":"standard","meta":{"_exactmetrics_skip_tracking":false,"_exactmetrics_sitenote_active":false,"_exactmetrics_sitenote_note":"","_exactmetrics_sitenote_category":0,"footnotes":""},"categories":[154],"tags":[],"class_list":["post-2387","post","type-post","status-publish","format-standard","has-post-thumbnail","hentry","category-projekt"],"_links":{"self":[{"href":"https:\/\/www.kalmarkonstmuseum.se\/designarkivet\/wp-json\/wp\/v2\/posts\/2387","targetHints":{"allow":["GET"]}}],"collection":[{"href":"https:\/\/www.kalmarkonstmuseum.se\/designarkivet\/wp-json\/wp\/v2\/posts"}],"about":[{"href":"https:\/\/www.kalmarkonstmuseum.se\/designarkivet\/wp-json\/wp\/v2\/types\/post"}],"author":[{"embeddable":true,"href":"https:\/\/www.kalmarkonstmuseum.se\/designarkivet\/wp-json\/wp\/v2\/users\/66"}],"replies":[{"embeddable":true,"href":"https:\/\/www.kalmarkonstmuseum.se\/designarkivet\/wp-json\/wp\/v2\/comments?post=2387"}],"version-history":[{"count":4,"href":"https:\/\/www.kalmarkonstmuseum.se\/designarkivet\/wp-json\/wp\/v2\/posts\/2387\/revisions"}],"predecessor-version":[{"id":2405,"href":"https:\/\/www.kalmarkonstmuseum.se\/designarkivet\/wp-json\/wp\/v2\/posts\/2387\/revisions\/2405"}],"wp:featuredmedia":[{"embeddable":true,"href":"https:\/\/www.kalmarkonstmuseum.se\/designarkivet\/wp-json\/wp\/v2\/media\/2388"}],"wp:attachment":[{"href":"https:\/\/www.kalmarkonstmuseum.se\/designarkivet\/wp-json\/wp\/v2\/media?parent=2387"}],"wp:term":[{"taxonomy":"category","embeddable":true,"href":"https:\/\/www.kalmarkonstmuseum.se\/designarkivet\/wp-json\/wp\/v2\/categories?post=2387"},{"taxonomy":"post_tag","embeddable":true,"href":"https:\/\/www.kalmarkonstmuseum.se\/designarkivet\/wp-json\/wp\/v2\/tags?post=2387"}],"curies":[{"name":"wp","href":"https:\/\/api.w.org\/{rel}","templated":true}]}}