{"id":2394,"date":"2025-01-10T15:02:53","date_gmt":"2025-01-10T14:02:53","guid":{"rendered":"https:\/\/www.kalmarkonstmuseum.se\/designarkivet\/?p=2394"},"modified":"2025-01-10T20:12:32","modified_gmt":"2025-01-10T19:12:32","slug":"mode-monster-moten-textilindustrin-i-hogsby","status":"publish","type":"post","link":"https:\/\/www.kalmarkonstmuseum.se\/designarkivet\/mode-monster-moten-textilindustrin-i-hogsby\/","title":{"rendered":"Mode, m\u00f6nster, m\u00f6ten:<br>textilindustrin i H\u00f6gsby"},"content":{"rendered":"<p>\u201dDet \u00e4r inte m\u00e5nga arbetslokaler som har parkettgolv, men det har man h\u00e4r. Och en stor \u00f6ppen spis. Och i taket en j\u00e4ttekrona.\u201d<\/p>\n<p>S\u00e5 skriver Oskarshamns-Tidningen om det d\u00e5 nyligen grundade H\u00f6gsby Textilindustri 1947. Inte bara har en ny industri etablerats p\u00e5 orten, n\u00e5got skribenten beskriver som ett v\u00e4lkommet tillskott, den bedrivs \u00e4ven fr\u00e5n det anrika Odensvi g\u00e5rd. Det r\u00f6r sig allts\u00e5 om en textilindustri i herrg\u00e5rdsmilj\u00f6, byggd 1870 av ingen mindre \u00e4n tidningen Barometerns grundare \u201dTr\u00e4doktorn\u201d Jon Engstr\u00f6m.<\/p>\n<p>H\u00e4r arbetade ett tjugotal s\u00f6mmerskor med hj\u00e4lp av en imponerande maskinpark. Symaskiner, maskiner f\u00f6r knapph\u00e5lstillverkning, pressning och dubbels\u00f6m j\u00e4mte maskiner som sk\u00e4r skjortor \u201dlika fort som att skiva ost\u201d. Stora f\u00f6rsiktighets\u00e5tg\u00e4rder ska ha vidtagits vad g\u00e4ller maskinen f\u00f6r permanenteringen av skjortkragar d\u00e5 permanenteringsv\u00e4tskan \u00e4r synnerligen brandfarlig. I backspegeln en m\u00f6jligen illavarslande beskrivning med tanke p\u00e5 att H\u00f6gsby Textilindustri helt \u00f6delades av en h\u00e4ftig brand bara tv\u00e5 \u00e5r senare. Vid tillf\u00e4llet f\u00f6r branden var det \u00e4nnu inte klart om fabriken skulle \u00e5teruppbyggas.<\/p>\n<p>Det ska emellertid \u00e4ven senare ha funnits n\u00e5gon slags textilindustri i H\u00f6gsby d\u00e4r specialbest\u00e4llda dansbandsskjortor och herrkl\u00e4der syddes p\u00e5 ackord. Men exakt n\u00e4r och i vilken regi har Designarkivet i skrivande stund \u00e4nnu inte kunnat klarg\u00f6ra. Vet du eller n\u00e5gon du k\u00e4nner mer om textilfabriken i H\u00f6gsby? Tveka inte att h\u00f6ra av dig!<\/p>\n<p>Tack till &#8221;Anette&#8221; som ber\u00e4ttade om sin tid som dansbandsskjortes\u00f6mmerska i H\u00f6gsby som ledde oss vidare till denna historia. \u00c4ven tack till H\u00f6gsby Sockens Hembygdsf\u00f6rening, <a href=\"http:\/\/www.hembygd.hogsby.net\/galleri_vy.php?\">l\u00e4s mer om deras material kring Odensvi g\u00e5rd h\u00e4r.<\/a><\/p>\n","protected":false},"excerpt":{"rendered":"<p>\u201dDet \u00e4r inte m\u00e5nga arbetslokaler som har parkettgolv, men det har man h\u00e4r. Och en stor \u00f6ppen spis. Och i taket en j\u00e4ttekrona.\u201d S\u00e5 skriver Oskarshamns-Tidningen om det d\u00e5 nyligen grundade H\u00f6gsby Textilindustri 1947. Inte bara har en ny industri [&hellip;]<\/p>\n","protected":false},"author":66,"featured_media":2395,"comment_status":"closed","ping_status":"closed","sticky":false,"template":"","format":"standard","meta":{"_exactmetrics_skip_tracking":false,"_exactmetrics_sitenote_active":false,"_exactmetrics_sitenote_note":"","_exactmetrics_sitenote_category":0,"footnotes":""},"categories":[154],"tags":[],"class_list":["post-2394","post","type-post","status-publish","format-standard","has-post-thumbnail","hentry","category-projekt"],"_links":{"self":[{"href":"https:\/\/www.kalmarkonstmuseum.se\/designarkivet\/wp-json\/wp\/v2\/posts\/2394","targetHints":{"allow":["GET"]}}],"collection":[{"href":"https:\/\/www.kalmarkonstmuseum.se\/designarkivet\/wp-json\/wp\/v2\/posts"}],"about":[{"href":"https:\/\/www.kalmarkonstmuseum.se\/designarkivet\/wp-json\/wp\/v2\/types\/post"}],"author":[{"embeddable":true,"href":"https:\/\/www.kalmarkonstmuseum.se\/designarkivet\/wp-json\/wp\/v2\/users\/66"}],"replies":[{"embeddable":true,"href":"https:\/\/www.kalmarkonstmuseum.se\/designarkivet\/wp-json\/wp\/v2\/comments?post=2394"}],"version-history":[{"count":6,"href":"https:\/\/www.kalmarkonstmuseum.se\/designarkivet\/wp-json\/wp\/v2\/posts\/2394\/revisions"}],"predecessor-version":[{"id":2402,"href":"https:\/\/www.kalmarkonstmuseum.se\/designarkivet\/wp-json\/wp\/v2\/posts\/2394\/revisions\/2402"}],"wp:featuredmedia":[{"embeddable":true,"href":"https:\/\/www.kalmarkonstmuseum.se\/designarkivet\/wp-json\/wp\/v2\/media\/2395"}],"wp:attachment":[{"href":"https:\/\/www.kalmarkonstmuseum.se\/designarkivet\/wp-json\/wp\/v2\/media?parent=2394"}],"wp:term":[{"taxonomy":"category","embeddable":true,"href":"https:\/\/www.kalmarkonstmuseum.se\/designarkivet\/wp-json\/wp\/v2\/categories?post=2394"},{"taxonomy":"post_tag","embeddable":true,"href":"https:\/\/www.kalmarkonstmuseum.se\/designarkivet\/wp-json\/wp\/v2\/tags?post=2394"}],"curies":[{"name":"wp","href":"https:\/\/api.w.org\/{rel}","templated":true}]}}