{"id":2408,"date":"2025-01-10T15:02:19","date_gmt":"2025-01-10T14:02:19","guid":{"rendered":"https:\/\/www.kalmarkonstmuseum.se\/designarkivet\/?p=2408"},"modified":"2025-01-17T15:35:47","modified_gmt":"2025-01-17T14:35:47","slug":"mode-monster-motenkladerna-pa-sjon","status":"publish","type":"post","link":"https:\/\/www.kalmarkonstmuseum.se\/designarkivet\/mode-monster-motenkladerna-pa-sjon\/","title":{"rendered":"Mode, m\u00f6nster, m\u00f6ten:<br>Kl\u00e4derna p\u00e5 sj\u00f6n"},"content":{"rendered":"<p>I sin mest pragmatiska form handlar kl\u00e4der om funktionalitet, att f\u00f6rse m\u00e4nniskan med skydd mot v\u00e4der och vind. Samtidigt \u00e4r kl\u00e4der ett av de mest omedelbara s\u00e4tten vi m\u00e4nniskor kan uttrycka oss sj\u00e4lva, oavsett om vi g\u00f6r det medvetet eller ej. Kl\u00e4der och identitet \u00e4r t\u00e4tt sammankopplade socialt och kulturellt. Men i ett av Kalmar l\u00e4ns fiskarsamh\u00e4llen l\u00e4r vi oss hur kl\u00e4der och identitet kan h\u00f6ra ihop ur ett mer funktionellt perspektiv.<\/p>\n<p>Vi tr\u00e4ffar \u201dM\u00e5ns\u201d. Han \u00e4r kl\u00e4dd i \u00e4ndam\u00e5lsenliga, vattent\u00e4ta h\u00e4ngselbyxor och ser ut att ha fler lager under sin fleece-tr\u00f6ja trots att vi fikar inomhus. Han har levt sitt yrkesliv p\u00e5 sj\u00f6n. Under sin tid som fiskare kunde han utg\u00e5 fr\u00e5n olika hamnar runt om i landet, men kojen, oavsett fartyg, var den st\u00e4ndiga punkten.<\/p>\n<p>&#8211; Man kan s\u00e4ga att jag hade l\u00e5ngt till jobbet men n\u00e4ra hem, sk\u00e4mtar han och forts\u00e4tter, Var det n\u00e5got som var heligt p\u00e5 sj\u00f6n s\u00e5 var det kojen. Och kl\u00e4derna.<\/p>\n<p>P\u00e5 sj\u00f6n beh\u00f6vs t\u00e5liga kl\u00e4der som skyddar mot kyla, vind och v\u00e4ta. Vi pratar om att kl\u00e4 sig lager p\u00e5 lager, om skyddande fibrer och ullen och lanolinets \u00f6verl\u00e4gsna isolerande egenskaper. Vi pratar ocks\u00e5 om Gore-Tex vars membran sl\u00e4pper ut svett medan v\u00e4tan h\u00e5lls ute.<\/p>\n<p>&#8211; Misstaget m\u00e5nga g\u00f6r med Gore-Tex \u00e4r att de anv\u00e4nder bomullsstrumpor i skorna. Det \u00e4r klart f\u00f6tterna blir bl\u00f6ta n\u00e4r fukten f\u00e5ngas i bomullen.<\/p>\n<p>I de allra v\u00e4rsta fallen kunde kl\u00e4derna p\u00e5 sj\u00f6n ha en ytterligare, och kanske inte alltid tillt\u00e4nkt, funktion. \u201dM\u00e5ns\u201d beskriver hur han och hans kollegor m\u00e4rkte alla plagg, fr\u00e5n st\u00f6vlarna till underst\u00e4llet, med sina namn. Men inte f\u00f6r att markera \u00e4gande, m\u00e4rkningen handlade snarare om anv\u00e4nda kl\u00e4derna som en slags identifikationshandling.<\/p>\n<p>&#8211; Det var en d\u00f6dssynd att anv\u00e4nda n\u00e5gon annans kl\u00e4der. Skulle man f\u00f6rolyckas p\u00e5 sj\u00f6n s\u00e5 kunde kl\u00e4derna ber\u00e4tta vem man var. Hade man d\u00e5 n\u00e5gon annans kl\u00e4der\u2026<\/p>\n<p>\u201dM\u00e5ns\u201d l\u00e5ter konsekvensen vara osagd. Samtalet forts\u00e4tter och vi hinner behandla allt fr\u00e5n hur moderna syntetmaterial faktiskt \u00e4r ganska bra till hur ett liv i ytterligheterna p\u00e5verkar ens lynne. \u00c4ven om han inte uttryckligen kallar sig fiskare l\u00e4ngre \u00e4r livet p\u00e5 sj\u00f6n i allra h\u00f6gsta grad \u00e4nnu n\u00e4rvarande. I minnet, ber\u00e4ttelserna, och i kl\u00e4derna han \u00e4nnu b\u00e4r.<\/p>\n<p>&nbsp;<\/p>\n<p>&nbsp;<\/p>\n<p>Stort tack till \u201dM\u00e5ns\u201d f\u00f6r att vi fick ta del av dina erfarenheter och kunskap.<br \/>\nPersonerna p\u00e5 bilden har inte med \u201dM\u00e5ns\u201d ber\u00e4ttelse att g\u00f6ra. Fotografiet f\u00f6rest\u00e4ller sillfiskare fr\u00e5n Bohusl\u00e4n och kommer fr\u00e5n <a href=\"https:\/\/digitaltmuseum.org\/011014490354\/sillfiskare\">Bohusl\u00e4ns museums samlingar<\/a>.<\/p>\n","protected":false},"excerpt":{"rendered":"<p>I sin mest pragmatiska form handlar kl\u00e4der om funktionalitet, att f\u00f6rse m\u00e4nniskan med skydd mot v\u00e4der och vind. Samtidigt \u00e4r kl\u00e4der ett av de mest omedelbara s\u00e4tten vi m\u00e4nniskor kan uttrycka oss sj\u00e4lva, oavsett om vi g\u00f6r det medvetet eller [&hellip;]<\/p>\n","protected":false},"author":66,"featured_media":2409,"comment_status":"closed","ping_status":"closed","sticky":false,"template":"","format":"standard","meta":{"_exactmetrics_skip_tracking":false,"_exactmetrics_sitenote_active":false,"_exactmetrics_sitenote_note":"","_exactmetrics_sitenote_category":0,"footnotes":""},"categories":[154],"tags":[],"class_list":["post-2408","post","type-post","status-publish","format-standard","has-post-thumbnail","hentry","category-projekt"],"_links":{"self":[{"href":"https:\/\/www.kalmarkonstmuseum.se\/designarkivet\/wp-json\/wp\/v2\/posts\/2408","targetHints":{"allow":["GET"]}}],"collection":[{"href":"https:\/\/www.kalmarkonstmuseum.se\/designarkivet\/wp-json\/wp\/v2\/posts"}],"about":[{"href":"https:\/\/www.kalmarkonstmuseum.se\/designarkivet\/wp-json\/wp\/v2\/types\/post"}],"author":[{"embeddable":true,"href":"https:\/\/www.kalmarkonstmuseum.se\/designarkivet\/wp-json\/wp\/v2\/users\/66"}],"replies":[{"embeddable":true,"href":"https:\/\/www.kalmarkonstmuseum.se\/designarkivet\/wp-json\/wp\/v2\/comments?post=2408"}],"version-history":[{"count":5,"href":"https:\/\/www.kalmarkonstmuseum.se\/designarkivet\/wp-json\/wp\/v2\/posts\/2408\/revisions"}],"predecessor-version":[{"id":2414,"href":"https:\/\/www.kalmarkonstmuseum.se\/designarkivet\/wp-json\/wp\/v2\/posts\/2408\/revisions\/2414"}],"wp:featuredmedia":[{"embeddable":true,"href":"https:\/\/www.kalmarkonstmuseum.se\/designarkivet\/wp-json\/wp\/v2\/media\/2409"}],"wp:attachment":[{"href":"https:\/\/www.kalmarkonstmuseum.se\/designarkivet\/wp-json\/wp\/v2\/media?parent=2408"}],"wp:term":[{"taxonomy":"category","embeddable":true,"href":"https:\/\/www.kalmarkonstmuseum.se\/designarkivet\/wp-json\/wp\/v2\/categories?post=2408"},{"taxonomy":"post_tag","embeddable":true,"href":"https:\/\/www.kalmarkonstmuseum.se\/designarkivet\/wp-json\/wp\/v2\/tags?post=2408"}],"curies":[{"name":"wp","href":"https:\/\/api.w.org\/{rel}","templated":true}]}}