{"id":2570,"date":"2025-06-16T11:55:54","date_gmt":"2025-06-16T09:55:54","guid":{"rendered":"https:\/\/www.kalmarkonstmuseum.se\/designarkivet\/?p=2570"},"modified":"2025-06-19T17:55:43","modified_gmt":"2025-06-19T15:55:43","slug":"vernissage-en-lyckligare-mansklighet","status":"publish","type":"post","link":"https:\/\/www.kalmarkonstmuseum.se\/designarkivet\/vernissage-en-lyckligare-mansklighet\/","title":{"rendered":"Vernissage: En lyckligare m\u00e4nsklighet"},"content":{"rendered":"<p><strong>Varmt v\u00e4lkommen p\u00e5 vernissage f\u00f6r\u00a0Designarkivets stora sommarutst\u00e4llning om Kooperativa f\u00f6rbundets designhistoria.<\/strong><\/p>\n<p>Kan man skapa en lyckligare m\u00e4nsklighet genom design?\u00a0Sommarens utst\u00e4llning p\u00e5 Designarkivet ber\u00e4ttar historien om Kooperativa f\u00f6rbundet \u2013 en r\u00f6relse som f\u00f6renade modernitet, folkbildning och f\u00f6retagande med ett unikt formideal. H\u00e4r visas prisbel\u00f6nta designklassiker, folkk\u00e4ra vardagsf\u00f6rem\u00e5l och antikommersiella stors\u00e4ljare \u2013 tillsammans med skisser och originalmaterial fr\u00e5n n\u00e5gra av Sveriges fr\u00e4msta formgivare, representerade i Designarkivets samling.<\/p>\n<p>Onsdag 25 juni \u00e4r det bubbel, mingel och vernissage f\u00f6r utst\u00e4llningen\u00a0<a href=\"https:\/\/www.kalmarkonstmuseum.se\/designarkivet\/en-lyckligare-mansklighet\/\"><em>En lyckligare m\u00e4nsklighet<\/em><\/a><em>.\u00a0<\/em>Arkivchef Jonas Holmberg inleder med ett invigningstal f\u00f6ljt av ett samtal med Sara Kristoffersson, designhistoriker och f\u00f6rfattare bakom boken <em>Det f\u00f6rlorade paradiset: ber\u00e4ttelsen om Konsums uppg\u00e5ng och fall <\/em>(Volante, 2024). P\u00e5 plats \u00e4r \u00e4ven designskribent Hedvig Hedqvist, tidigare chef f\u00f6r textilavdelningen vid KF Interi\u00f6r, arkitekt Magnus Silfverhielm och industridesigner Rolf Herrstr\u00f6m som i samtal med utst\u00e4llningsproducent Camilla Ed ber\u00e4ttar om deras olika designuppdrag inom KF:s koncern. Avslutningsvis f\u00e5r vi lyssna till konstn\u00e4ren Rebecka Bebben Andersson som ocks\u00e5 medverkar i utst\u00e4llningen med collageverket <em>Coop <\/em>fr\u00e5n 2023.<\/p>\n<p><strong>N\u00e4r<\/strong>: onsdag 25 juni, kl. 17:00<br \/>\n<strong>Var<\/strong>: Designarkivet, Nybro, <a href=\"https:\/\/maps.app.goo.gl\/4QY8HVqJfdeMrpUt9\">hitta hit<\/a><br \/>\n<strong>Fri entr\u00e9<\/strong><\/p>\n<hr \/>\n<p><span style=\"color: gray;\"><strong>Welcome to the opening of the Design Archive&#8217;s major summer exhibition on the design history of the Swedish Cooperative Federation.<\/strong><\/span><\/p>\n<p><span style=\"color: gray;\">Can you create a happier humanity through design? This summer&#8217;s exhibition at Designarkivet tells the story of Kooperativa f\u00f6rbundet \u2013 a movement that united modernity, popular education and entrepreneurship with a unique ideal of form. Award-winning design classics, beloved everyday objects and anti-commercial bestsellers are on display \u2013 along with sketches and original materials from some of Sweden&#8217;s leading designers, represented in Designarkivet&#8217;s collection.<\/span><\/p>\n<p><span style=\"color: gray;\">On Wednesday 25 June Designarkivet open the exhibition <em>En lyckligare m\u00e4nsklighet<\/em>. Archive Director Jonas Holmberg will begin with an opening speech followed by a conversation with Sara Kristoffersson, design historian and author of the book <em>Det f\u00f6rlorade paradiset: ber\u00e4ttelsen om Konsums uppg\u00e5ng och fall<\/em>, (Volante, 2024). Also present are design writer Hedvig Hedqvist, former head of the textile department at KF Interi\u00f6r, architect Magnus Silfverhielm and industrial designer Rolf Herrstr\u00f6m, who in conversation with exhibition producer Camilla Ed talk about their various design assignments within the KF group. Finally, we get to listen to artist Rebecka \u201cBebben\u201d Andersson, who also participates in the exhibition with the collage work <em>Coop<\/em> from 2023.<\/span><\/p>\n<p><span style=\"color: gray;\"><strong>When<\/strong>: Wednesday June 25, 5PM<\/span><br \/>\n<span style=\"color: gray;\"><strong>Where<\/strong>: Designarkivet, Nybro, <a href=\"https:\/\/maps.app.goo.gl\/4QY8HVqJfdeMrpUt9\">location<\/a><\/span><br \/>\n<span style=\"color: gray;\"><strong>Free admittance<\/strong><\/span><\/p>\n","protected":false},"excerpt":{"rendered":"<p>Varmt v\u00e4lkommen p\u00e5 vernissage f\u00f6r\u00a0Designarkivets stora sommarutst\u00e4llning om Kooperativa f\u00f6rbundets designhistoria. Kan man skapa en lyckligare m\u00e4nsklighet genom design?\u00a0Sommarens utst\u00e4llning p\u00e5 Designarkivet ber\u00e4ttar historien om Kooperativa f\u00f6rbundet \u2013 en r\u00f6relse som f\u00f6renade modernitet, folkbildning och f\u00f6retagande med ett unikt formideal. [&hellip;]<\/p>\n","protected":false},"author":66,"featured_media":2443,"comment_status":"closed","ping_status":"closed","sticky":false,"template":"","format":"standard","meta":{"_exactmetrics_skip_tracking":false,"_exactmetrics_sitenote_active":false,"_exactmetrics_sitenote_note":"","_exactmetrics_sitenote_category":0,"footnotes":""},"categories":[7],"tags":[],"class_list":["post-2570","post","type-post","status-publish","format-standard","has-post-thumbnail","hentry","category-evenemang"],"_links":{"self":[{"href":"https:\/\/www.kalmarkonstmuseum.se\/designarkivet\/wp-json\/wp\/v2\/posts\/2570","targetHints":{"allow":["GET"]}}],"collection":[{"href":"https:\/\/www.kalmarkonstmuseum.se\/designarkivet\/wp-json\/wp\/v2\/posts"}],"about":[{"href":"https:\/\/www.kalmarkonstmuseum.se\/designarkivet\/wp-json\/wp\/v2\/types\/post"}],"author":[{"embeddable":true,"href":"https:\/\/www.kalmarkonstmuseum.se\/designarkivet\/wp-json\/wp\/v2\/users\/66"}],"replies":[{"embeddable":true,"href":"https:\/\/www.kalmarkonstmuseum.se\/designarkivet\/wp-json\/wp\/v2\/comments?post=2570"}],"version-history":[{"count":3,"href":"https:\/\/www.kalmarkonstmuseum.se\/designarkivet\/wp-json\/wp\/v2\/posts\/2570\/revisions"}],"predecessor-version":[{"id":2581,"href":"https:\/\/www.kalmarkonstmuseum.se\/designarkivet\/wp-json\/wp\/v2\/posts\/2570\/revisions\/2581"}],"wp:featuredmedia":[{"embeddable":true,"href":"https:\/\/www.kalmarkonstmuseum.se\/designarkivet\/wp-json\/wp\/v2\/media\/2443"}],"wp:attachment":[{"href":"https:\/\/www.kalmarkonstmuseum.se\/designarkivet\/wp-json\/wp\/v2\/media?parent=2570"}],"wp:term":[{"taxonomy":"category","embeddable":true,"href":"https:\/\/www.kalmarkonstmuseum.se\/designarkivet\/wp-json\/wp\/v2\/categories?post=2570"},{"taxonomy":"post_tag","embeddable":true,"href":"https:\/\/www.kalmarkonstmuseum.se\/designarkivet\/wp-json\/wp\/v2\/tags?post=2570"}],"curies":[{"name":"wp","href":"https:\/\/api.w.org\/{rel}","templated":true}]}}