{"id":2675,"date":"2025-10-06T20:32:29","date_gmt":"2025-10-06T18:32:29","guid":{"rendered":"https:\/\/www.kalmarkonstmuseum.se\/designarkivet\/?p=2675"},"modified":"2025-10-06T20:33:33","modified_gmt":"2025-10-06T18:33:33","slug":"designarkivet-ar-arets-formbarare-2025","status":"publish","type":"post","link":"https:\/\/www.kalmarkonstmuseum.se\/designarkivet\/designarkivet-ar-arets-formbarare-2025\/","title":{"rendered":"DESIGNARKIVET \u00c4R \u00c5RETS FORMB\u00c4RARE"},"content":{"rendered":"<p><strong>Designarkivet har tilldelats utm\u00e4rkelsen \u00c5rets Formb\u00e4rare av Svensk Form Sm\u00e5land. Priset delas ut i samband med Svensk Forms 180-\u00e5rsjubileum, d\u00e4r Designarkivet \u00e4r en av fjorton mottagare runt om i landet.<\/strong><\/p>\n<p>\u00c5rets Formb\u00e4rare delas ut av Svensk Forms regionalf\u00f6reningar f\u00f6r att uppm\u00e4rksamma akt\u00f6rer som bidrar till att st\u00e4rka form- och designomr\u00e5det. Utm\u00e4rkelsen kommer till Designarkivet efter en framg\u00e5ngsrik sommars\u00e4song med omtyckta utst\u00e4llningen <em><a href=\"https:\/\/www.kalmarkonstmuseum.se\/designarkivet\/en-lyckligare-mansklighet\/\">En lyckligare m\u00e4nsklighet \u2013 Kooperativa f\u00f6rbundets designhistoria<\/a>.<\/em><\/p>\n<p><!--more--><\/p>\n<p>I motiveringen lyfter Svensk Form Sm\u00e5land s\u00e4rskilt Designarkivets publikarbete och utst\u00e4llningsverksamhet. Svensk Form Sm\u00e5land skriver att Designarkivets utst\u00e4llningar exemplifierar \u201dbetydelsen av arkivet, samlingarna och en vilja att skapa en vidare k\u00e4nnedom om vad som formar v\u00e5r vardag\u201d.<\/p>\n<p>Designarkivet \u00e4r glada \u00f6ver att arbetet med att g\u00f6ra arkivet till en levande plats f\u00f6r kunskap och samtal om designhistoria uppm\u00e4rksammas. Tack till <a href=\"https:\/\/svenskform.se\/smaland\/\">Svensk Form Sm\u00e5land<\/a> f\u00f6r detta betydelsefulla erk\u00e4nnande.<\/p>\n<p><a href=\"https:\/\/www.kalmarkonstmuseum.se\/designarkivet\/wp-content\/uploads\/sites\/4\/2025\/10\/da-arets-formbarare-2025-16-9-2-scaled.jpg\"><img loading=\"lazy\" decoding=\"async\" class=\"alignnone size-full wp-image-2676\" src=\"https:\/\/www.kalmarkonstmuseum.se\/designarkivet\/wp-content\/uploads\/sites\/4\/2025\/10\/da-arets-formbarare-2025-16-9-2-scaled.jpg\" alt=\"\" width=\"2560\" height=\"1440\" srcset=\"https:\/\/www.kalmarkonstmuseum.se\/designarkivet\/wp-content\/uploads\/sites\/4\/2025\/10\/da-arets-formbarare-2025-16-9-2-scaled.jpg 2560w, https:\/\/www.kalmarkonstmuseum.se\/designarkivet\/wp-content\/uploads\/sites\/4\/2025\/10\/da-arets-formbarare-2025-16-9-2-300x169.jpg 300w, https:\/\/www.kalmarkonstmuseum.se\/designarkivet\/wp-content\/uploads\/sites\/4\/2025\/10\/da-arets-formbarare-2025-16-9-2-1024x576.jpg 1024w, https:\/\/www.kalmarkonstmuseum.se\/designarkivet\/wp-content\/uploads\/sites\/4\/2025\/10\/da-arets-formbarare-2025-16-9-2-768x432.jpg 768w, https:\/\/www.kalmarkonstmuseum.se\/designarkivet\/wp-content\/uploads\/sites\/4\/2025\/10\/da-arets-formbarare-2025-16-9-2-1536x864.jpg 1536w, https:\/\/www.kalmarkonstmuseum.se\/designarkivet\/wp-content\/uploads\/sites\/4\/2025\/10\/da-arets-formbarare-2025-16-9-2-2048x1152.jpg 2048w\" sizes=\"auto, (max-width: 2560px) 100vw, 2560px\" \/><\/a><br \/>\n<em> Fr\u00e5n v\u00e4nster: Britt-Marie B\u00f6rjesg\u00e5rd, ordf\u00f6rande Svensk Form Sm\u00e5land; Hel\u00e9ne Arthursson, arkivarie Designarkivet; och Jonas Holmberg, musei- och arkivchef Designarkivet.<\/em><\/p>\n","protected":false},"excerpt":{"rendered":"<p>Designarkivet har tilldelats utm\u00e4rkelsen \u00c5rets Formb\u00e4rare av Svensk Form Sm\u00e5land. Priset delas ut i samband med Svensk Forms 180-\u00e5rsjubileum, d\u00e4r Designarkivet \u00e4r en av fjorton mottagare runt om i landet. \u00c5rets Formb\u00e4rare delas ut av Svensk Forms regionalf\u00f6reningar f\u00f6r att [&hellip;]<\/p>\n","protected":false},"author":66,"featured_media":2681,"comment_status":"closed","ping_status":"closed","sticky":false,"template":"","format":"standard","meta":{"_exactmetrics_skip_tracking":false,"_exactmetrics_sitenote_active":false,"_exactmetrics_sitenote_note":"","_exactmetrics_sitenote_category":0,"footnotes":""},"categories":[15],"tags":[],"class_list":["post-2675","post","type-post","status-publish","format-standard","has-post-thumbnail","hentry","category-nyheter"],"_links":{"self":[{"href":"https:\/\/www.kalmarkonstmuseum.se\/designarkivet\/wp-json\/wp\/v2\/posts\/2675","targetHints":{"allow":["GET"]}}],"collection":[{"href":"https:\/\/www.kalmarkonstmuseum.se\/designarkivet\/wp-json\/wp\/v2\/posts"}],"about":[{"href":"https:\/\/www.kalmarkonstmuseum.se\/designarkivet\/wp-json\/wp\/v2\/types\/post"}],"author":[{"embeddable":true,"href":"https:\/\/www.kalmarkonstmuseum.se\/designarkivet\/wp-json\/wp\/v2\/users\/66"}],"replies":[{"embeddable":true,"href":"https:\/\/www.kalmarkonstmuseum.se\/designarkivet\/wp-json\/wp\/v2\/comments?post=2675"}],"version-history":[{"count":6,"href":"https:\/\/www.kalmarkonstmuseum.se\/designarkivet\/wp-json\/wp\/v2\/posts\/2675\/revisions"}],"predecessor-version":[{"id":2683,"href":"https:\/\/www.kalmarkonstmuseum.se\/designarkivet\/wp-json\/wp\/v2\/posts\/2675\/revisions\/2683"}],"wp:featuredmedia":[{"embeddable":true,"href":"https:\/\/www.kalmarkonstmuseum.se\/designarkivet\/wp-json\/wp\/v2\/media\/2681"}],"wp:attachment":[{"href":"https:\/\/www.kalmarkonstmuseum.se\/designarkivet\/wp-json\/wp\/v2\/media?parent=2675"}],"wp:term":[{"taxonomy":"category","embeddable":true,"href":"https:\/\/www.kalmarkonstmuseum.se\/designarkivet\/wp-json\/wp\/v2\/categories?post=2675"},{"taxonomy":"post_tag","embeddable":true,"href":"https:\/\/www.kalmarkonstmuseum.se\/designarkivet\/wp-json\/wp\/v2\/tags?post=2675"}],"curies":[{"name":"wp","href":"https:\/\/api.w.org\/{rel}","templated":true}]}}