{"id":2701,"date":"2026-02-16T12:07:53","date_gmt":"2026-02-16T11:07:53","guid":{"rendered":"https:\/\/www.kalmarkonstmuseum.se\/designarkivet\/?p=2701"},"modified":"2026-03-20T08:57:37","modified_gmt":"2026-03-20T07:57:37","slug":"asa-jungnelius-i-stor-sommarutstallning-pa-designarkivet","status":"publish","type":"post","link":"https:\/\/www.kalmarkonstmuseum.se\/designarkivet\/asa-jungnelius-i-stor-sommarutstallning-pa-designarkivet\/","title":{"rendered":"\u00c5sa Jungnelius i stor sommarutst\u00e4llning p\u00e5 Designarkivet"},"content":{"rendered":"<p>Sommaren 2026 presenterar Designarkivet <a href=\"https:\/\/www.kalmarkonstmuseum.se\/designarkivet\/kalejdoskop\/\"><em>Kalejdoskop<\/em> <\/a>\u2013 en utst\u00e4llning som ger en unik inblick i \u00c5sa Jungnelius konstn\u00e4rliga universum och de kreativa processerna bakom hennes ikoniska verk. Med utg\u00e5ngspunkt i en gener\u00f6s donation av skiss- och processmaterial m\u00f6ter vi allt fr\u00e5n genombrottet med <em>Make Up<\/em> f\u00f6r Kosta Boda till prisbel\u00f6nta inredningsf\u00f6rem\u00e5l och aktuella offentliga gestaltningar. H\u00e4r visas b\u00e5de v\u00e4lk\u00e4nda glasobjekt, prototyper och produktionsskisser \u2013 en f\u00f6rdjupning i ett gr\u00e4ns\u00f6verskridande arbete d\u00e4r konst, design och produktion st\u00e4ndigt fl\u00e4tas samman.<\/p>\n<p><!--more--><\/p>\n<p><em>Kalejdoskop<\/em> med \u00c5sa Jungnelius \u00f6ppnar 24 juni.<br \/>\nOmslagsbild:\u00a0<em>Tubby Tumbler<\/em>, \u00c5sa Jungnelius. Foto: M\u00e4rta Thisner.<\/p>\n<h3><a href=\"https:\/\/www.kalmarkonstmuseum.se\/designarkivet\/kalejdoskop\/\">L\u00c4S MER OM UTST\u00c4LLNINGEN<\/a><\/h3>\n<div id=\"attachment_2693\" style=\"width: 1930px\" class=\"wp-caption alignnone\"><a href=\"https:\/\/www.kalmarkonstmuseum.se\/designarkivet\/kalejdoskop\/\"><img loading=\"lazy\" decoding=\"async\" aria-describedby=\"caption-attachment-2693\" class=\"wp-image-2693 size-full\" src=\"https:\/\/www.kalmarkonstmuseum.se\/designarkivet\/wp-content\/uploads\/sites\/4\/2026\/02\/skissmontage3.jpg\" alt=\"\" width=\"1920\" height=\"1080\" srcset=\"https:\/\/www.kalmarkonstmuseum.se\/designarkivet\/wp-content\/uploads\/sites\/4\/2026\/02\/skissmontage3.jpg 1920w, https:\/\/www.kalmarkonstmuseum.se\/designarkivet\/wp-content\/uploads\/sites\/4\/2026\/02\/skissmontage3-300x169.jpg 300w, https:\/\/www.kalmarkonstmuseum.se\/designarkivet\/wp-content\/uploads\/sites\/4\/2026\/02\/skissmontage3-1024x576.jpg 1024w, https:\/\/www.kalmarkonstmuseum.se\/designarkivet\/wp-content\/uploads\/sites\/4\/2026\/02\/skissmontage3-768x432.jpg 768w, https:\/\/www.kalmarkonstmuseum.se\/designarkivet\/wp-content\/uploads\/sites\/4\/2026\/02\/skissmontage3-1536x864.jpg 1536w\" sizes=\"auto, (max-width: 1920px) 100vw, 1920px\" \/><\/a><p id=\"caption-attachment-2693\" class=\"wp-caption-text\">\u00c5sa Jungnelius slog igenom 2008 med den feministiska glasserien<em> Make Up.\u00a0<\/em>Skisserna bakom succ\u00e9n har nu donerats till Designarkivet.<\/p><\/div>\n","protected":false},"excerpt":{"rendered":"<p>Sommaren 2026 presenterar Designarkivet Kalejdoskop \u2013 en utst\u00e4llning som ger en unik inblick i \u00c5sa Jungnelius konstn\u00e4rliga universum och de kreativa processerna bakom hennes ikoniska verk. Med utg\u00e5ngspunkt i en gener\u00f6s donation av skiss- och processmaterial m\u00f6ter vi allt fr\u00e5n [&hellip;]<\/p>\n","protected":false},"author":66,"featured_media":2691,"comment_status":"closed","ping_status":"closed","sticky":false,"template":"","format":"standard","meta":{"_exactmetrics_skip_tracking":false,"_exactmetrics_sitenote_active":false,"_exactmetrics_sitenote_note":"","_exactmetrics_sitenote_category":0,"footnotes":""},"categories":[15,9],"tags":[],"class_list":["post-2701","post","type-post","status-publish","format-standard","has-post-thumbnail","hentry","category-nyheter","category-utstallningar"],"_links":{"self":[{"href":"https:\/\/www.kalmarkonstmuseum.se\/designarkivet\/wp-json\/wp\/v2\/posts\/2701","targetHints":{"allow":["GET"]}}],"collection":[{"href":"https:\/\/www.kalmarkonstmuseum.se\/designarkivet\/wp-json\/wp\/v2\/posts"}],"about":[{"href":"https:\/\/www.kalmarkonstmuseum.se\/designarkivet\/wp-json\/wp\/v2\/types\/post"}],"author":[{"embeddable":true,"href":"https:\/\/www.kalmarkonstmuseum.se\/designarkivet\/wp-json\/wp\/v2\/users\/66"}],"replies":[{"embeddable":true,"href":"https:\/\/www.kalmarkonstmuseum.se\/designarkivet\/wp-json\/wp\/v2\/comments?post=2701"}],"version-history":[{"count":5,"href":"https:\/\/www.kalmarkonstmuseum.se\/designarkivet\/wp-json\/wp\/v2\/posts\/2701\/revisions"}],"predecessor-version":[{"id":2712,"href":"https:\/\/www.kalmarkonstmuseum.se\/designarkivet\/wp-json\/wp\/v2\/posts\/2701\/revisions\/2712"}],"wp:featuredmedia":[{"embeddable":true,"href":"https:\/\/www.kalmarkonstmuseum.se\/designarkivet\/wp-json\/wp\/v2\/media\/2691"}],"wp:attachment":[{"href":"https:\/\/www.kalmarkonstmuseum.se\/designarkivet\/wp-json\/wp\/v2\/media?parent=2701"}],"wp:term":[{"taxonomy":"category","embeddable":true,"href":"https:\/\/www.kalmarkonstmuseum.se\/designarkivet\/wp-json\/wp\/v2\/categories?post=2701"},{"taxonomy":"post_tag","embeddable":true,"href":"https:\/\/www.kalmarkonstmuseum.se\/designarkivet\/wp-json\/wp\/v2\/tags?post=2701"}],"curies":[{"name":"wp","href":"https:\/\/api.w.org\/{rel}","templated":true}]}}